{"id":436177,"date":"2023-11-12T10:30:00","date_gmt":"2023-11-12T09:30:00","guid":{"rendered":"https:\/\/skruv.nu\/okategoriserad\/internationell-litterar-och-musikalisk-salong-pa-ryska-i-malmo-12-november-2023\/"},"modified":"2023-11-12T17:51:19","modified_gmt":"2023-11-12T16:51:19","slug":"internationell-litterar-och-musikalisk-salong-pa-ryska-i-malmo-12-november-2023","status":"publish","type":"post","link":"https:\/\/skruv.nu\/be\/aktiviteter\/internationell-litterar-och-musikalisk-salong-pa-ryska-i-malmo-12-november-2023\/","title":{"rendered":"Internationell litter\u00e4r och musikalisk salong p\u00e5 ryska i Malm\u00f6"},"content":{"rendered":"\n<p class=\"has-theme-palette-7-background-color has-background has-medium-font-size\">Studiefr\u00e4mjandet, Ystadsgatan 53, Malm\u00f6<br\/>S\u00f6ndag 12 november 2023 kl 10.30\u201315.15<\/p>\n\n<p>10.30\u201311.30 Konstverkstad<br\/>12.00\u201312.40 Salong. Del 1<br\/>12.40\u201313.00 Fika<br\/>13.00\u201314.20 Salong. Del 2<br\/>14.30\u201315.15 Dansverkstad, historiska danser<\/p>\n","protected":false},"excerpt":{"rendered":"<p>En internationell litter\u00e4r och musikalisk salong p\u00e5 ryska arrangeras.<\/p>\n","protected":false},"author":1,"featured_media":436174,"comment_status":"closed","ping_status":"open","sticky":false,"template":"","format":"standard","meta":{"_acf_changed":false,"_seopress_robots_primary_cat":"none","_seopress_titles_title":"","_seopress_titles_desc":"","_seopress_robots_index":"","_kad_post_transparent":"","_kad_post_title":"","_kad_post_layout":"","_kad_post_sidebar_id":"","_kad_post_content_style":"","_kad_post_vertical_padding":"","_kad_post_feature":"","_kad_post_feature_position":"","_kad_post_header":false,"_kad_post_footer":false,"_kad_post_classname":"","footnotes":""},"categories":[41,54,78],"tags":[222,177],"class_list":["post-436177","post","type-post","status-publish","format-standard","has-post-thumbnail","hentry","category-aktiviteter","category-kat-litteratur","category-musik","tag-malmo","tag-tidigare"],"acf":[],"_links":{"self":[{"href":"https:\/\/skruv.nu\/be\/wp-json\/wp\/v2\/posts\/436177","targetHints":{"allow":["GET"]}}],"collection":[{"href":"https:\/\/skruv.nu\/be\/wp-json\/wp\/v2\/posts"}],"about":[{"href":"https:\/\/skruv.nu\/be\/wp-json\/wp\/v2\/types\/post"}],"author":[{"embeddable":true,"href":"https:\/\/skruv.nu\/be\/wp-json\/wp\/v2\/users\/1"}],"replies":[{"embeddable":true,"href":"https:\/\/skruv.nu\/be\/wp-json\/wp\/v2\/comments?post=436177"}],"version-history":[{"count":0,"href":"https:\/\/skruv.nu\/be\/wp-json\/wp\/v2\/posts\/436177\/revisions"}],"wp:featuredmedia":[{"embeddable":true,"href":"https:\/\/skruv.nu\/be\/wp-json\/wp\/v2\/media\/436174"}],"wp:attachment":[{"href":"https:\/\/skruv.nu\/be\/wp-json\/wp\/v2\/media?parent=436177"}],"wp:term":[{"taxonomy":"category","embeddable":true,"href":"https:\/\/skruv.nu\/be\/wp-json\/wp\/v2\/categories?post=436177"},{"taxonomy":"post_tag","embeddable":true,"href":"https:\/\/skruv.nu\/be\/wp-json\/wp\/v2\/tags?post=436177"}],"curies":[{"name":"wp","href":"https:\/\/api.w.org\/{rel}","templated":true}]}}