{"id":436514,"date":"2024-01-21T15:30:00","date_gmt":"2024-01-21T14:30:00","guid":{"rendered":"https:\/\/skruv.nu\/?p=436514"},"modified":"2024-02-19T20:11:46","modified_gmt":"2024-02-19T19:11:46","slug":"historien-runtomkring-oss-i-malmo-21-januari-2024-fosiestenen","status":"publish","type":"post","link":"https:\/\/skruv.nu\/be\/aktiviteter\/historien-runtomkring-oss-i-malmo-21-januari-2024-fosiestenen\/","title":{"rendered":"Historien runtomkring oss i Malm\u00f6: Fosiestenen"},"content":{"rendered":"\n<p class=\"has-theme-palette-7-background-color has-background has-medium-font-size\">Fosie kyrka, Lind\u00e4ngsv\u00e4gen 4, Malm\u00f6<br>S\u00f6ndag 21 januari 2024 kl 15.30\u201316.30<\/p>\n\n\n\n<h2 class=\"wp-block-heading\">Historien runtomkring oss<\/h2>\n\n\n\n<div class=\"wp-block-columns are-vertically-aligned-center is-layout-flex wp-container-core-columns-is-layout-9d6595d7 wp-block-columns-is-layout-flex\">\n<div class=\"wp-block-column is-vertically-aligned-center is-layout-flow wp-block-column-is-layout-flow\">\n<p>Skruv planerar ett sp\u00e4nnande projekt f\u00f6r 2024 som kallas &#8220;Historien runtomkring oss&#8221;. Projektet g\u00e5r ut p\u00e5 att vi g\u00f6r studiebes\u00f6k p\u00e5 platser med runstenar, arkeologiska utgr\u00e4vningar, kyrkog\u00e5rdar, museer med mera i \u00d6resundsregionen. M\u00e5lgruppen inkluderar den v\u00e4xande gruppen rysktalande i regionen samt personer med ursprung i omr\u00e5det som \u00e4r intresserade av att f\u00f6rdjupa sina kunskaper om historien.<\/p>\n<\/div>\n\n\n\n<div class=\"wp-block-column is-vertically-aligned-center is-layout-flow wp-block-column-is-layout-flow\">\n<figure class=\"wp-block-image size-full\"><img fetchpriority=\"high\" decoding=\"async\" width=\"800\" height=\"800\" src=\"https:\/\/skruv.nu\/wp-content\/uploads\/2004\/01\/historien.webp\" alt=\"historiskt landskap vid kusten\" class=\"wp-image-436753\" srcset=\"https:\/\/skruv.nu\/wp-content\/uploads\/2004\/01\/historien.webp 800w, https:\/\/skruv.nu\/wp-content\/uploads\/2004\/01\/historien-300x300.webp 300w, https:\/\/skruv.nu\/wp-content\/uploads\/2004\/01\/historien-150x150.webp 150w, https:\/\/skruv.nu\/wp-content\/uploads\/2004\/01\/historien-768x768.webp 768w\" sizes=\"(max-width: 800px) 100vw, 800px\" \/><\/figure>\n<\/div>\n\n\n\n<div class=\"wp-block-column is-vertically-aligned-center is-layout-flow wp-block-column-is-layout-flow\">\n<p>Studiebes\u00f6ken kommer att h\u00e5llas p\u00e5 l\u00e4tt svenska f\u00f6r att underl\u00e4tta f\u00f6rst\u00e5elsen och fr\u00e4mja integrationen. Genom att erbjuda en tillg\u00e4nglig plattform f\u00f6r att utforska historiska platser str\u00e4var projektet efter att skapa en meningsfull och inkluderande upplevelse f\u00f6r deltagarna. &#8220;Historien runtomkring oss&#8221; \u00e4r d\u00e4rmed en satsning p\u00e5 att v\u00e4va samman kultur, historia och spr\u00e5klig integration i \u00d6resundsregionen under 2024.<\/p>\n<\/div>\n<\/div>\n\n\n\n<h2 class=\"wp-block-heading\">Fosiestenen<\/h2>\n\n\n\n<p>Fosiestenen, Malm\u00f6s enda k\u00e4nda runsten, st\u00e5r vid Fosie kyrka. Stenens nuvarande placering \u00e4r inte platsen d\u00e4r den restes. Det ursprungliga l\u00e4get \u00e4r strax nordost om den rondell som idag finns en bit sydost om kyrkan. Den ska ha uppt\u00e4ckts \u00e5r 1627. Den fr\u00e5n runor translittererade och \u00f6versatta inskriften lyder:<\/p>\n\n\n\n<blockquote class=\"wp-block-quote is-layout-flow wp-block-quote-is-layout-flow\">\n<p>&#8220;Asbj\u00f6rn reste denna sten efter Dv\u00e4rg, kamraten sin, en god dr\u00e4ng&#8221;.<\/p>\n<\/blockquote>\n\n\n\n<p>Mer information f\u00e5r vi n\u00e4r vi bes\u00f6ker stenen.<\/p>\n\n\n\n<div class=\"wp-block-group has-theme-palette-2-background-color has-background is-layout-constrained wp-block-group-is-layout-constrained\">\n<h2 class=\"wp-block-heading\">Detta \u00e4r en medlemsaktivitet<\/h2>\n\n\n\n<p>Evenemanget \u00e4r \u00f6ppet f\u00f6r alla medlemmar i Skruv. Som g\u00e4st \u00e4r du v\u00e4lkommen att vara med p\u00e5 v\u00e5ra historiska studiebes\u00f6k en g\u00e5ng utan kostnad. Vill du delta fler g\u00e5nger, f\u00f6ruts\u00e4tter vi att <a href=\"https:\/\/skruv.nu\/bli-medlem\/\" data-type=\"page\" data-id=\"1232\">du l\u00f6ser medlemskap<\/a>. Tillsammans kan vi skapa \u00e4nnu fler och b\u00e4ttre aktiviteter!<\/p>\n<\/div>\n\n\n\n<p><a href=\"https:\/\/www.facebook.com\/events\/670745888541073\/\" target=\"_blank\" rel=\"noreferrer noopener\">Se evenemanget p\u00e5 Facebook \u00bb<\/a><\/p>\n\n\n\n<p><em>Id\u00e9, planering och genomf\u00f6rande: Niklas B\u00f6nnemark.<br>Svensk text i inbjudan: Niklas B\u00f6nnemark.<br>Rysk \u00f6vers\u00e4ttning av inbjudan: Niklas B\u00f6nnemark.<br>Redigering av inbjudan och marknadsf\u00f6ring: Niklas B\u00f6nnemark.<\/em><\/p>\n\n\n\n<p class=\"has-theme-palette-9-color has-theme-palette-3-background-color has-text-color has-background has-link-color wp-elements-766e414691c61fa5b0f3edc422e7a3bb\">I evenemanget deltog 7 personer. F\u00f6rutom Fosiestenen bes\u00f6kte vi \u00e4ven <a href=\"https:\/\/sv.wikipedia.org\/wiki\/Valentin_Agapov\">Valentin Agapovs<\/a> grav och fick veta lite om honom.<\/p>\n","protected":false},"excerpt":{"rendered":"<p>Skruv bes\u00f6ker Fosiestenen i Malm\u00f6, och ordf\u00f6randen Niklas B\u00f6nnemark ber\u00e4ttar om denna runsten fr\u00e5n vikingatiden.<\/p>\n","protected":false},"author":1,"featured_media":436767,"comment_status":"closed","ping_status":"open","sticky":false,"template":"","format":"standard","meta":{"_acf_changed":false,"_seopress_robots_primary_cat":"none","_seopress_titles_title":"","_seopress_titles_desc":"","_seopress_robots_index":"","_kad_post_transparent":"","_kad_post_title":"","_kad_post_layout":"","_kad_post_sidebar_id":"","_kad_post_content_style":"","_kad_post_vertical_padding":"","_kad_post_feature":"","_kad_post_feature_position":"","_kad_post_header":false,"_kad_post_footer":false,"_kad_post_classname":"","footnotes":""},"categories":[41,91],"tags":[222,177],"class_list":["post-436514","post","type-post","status-publish","format-standard","has-post-thumbnail","hentry","category-aktiviteter","category-studiebesok","tag-malmo","tag-tidigare"],"acf":[],"_links":{"self":[{"href":"https:\/\/skruv.nu\/be\/wp-json\/wp\/v2\/posts\/436514","targetHints":{"allow":["GET"]}}],"collection":[{"href":"https:\/\/skruv.nu\/be\/wp-json\/wp\/v2\/posts"}],"about":[{"href":"https:\/\/skruv.nu\/be\/wp-json\/wp\/v2\/types\/post"}],"author":[{"embeddable":true,"href":"https:\/\/skruv.nu\/be\/wp-json\/wp\/v2\/users\/1"}],"replies":[{"embeddable":true,"href":"https:\/\/skruv.nu\/be\/wp-json\/wp\/v2\/comments?post=436514"}],"version-history":[{"count":0,"href":"https:\/\/skruv.nu\/be\/wp-json\/wp\/v2\/posts\/436514\/revisions"}],"wp:featuredmedia":[{"embeddable":true,"href":"https:\/\/skruv.nu\/be\/wp-json\/wp\/v2\/media\/436767"}],"wp:attachment":[{"href":"https:\/\/skruv.nu\/be\/wp-json\/wp\/v2\/media?parent=436514"}],"wp:term":[{"taxonomy":"category","embeddable":true,"href":"https:\/\/skruv.nu\/be\/wp-json\/wp\/v2\/categories?post=436514"},{"taxonomy":"post_tag","embeddable":true,"href":"https:\/\/skruv.nu\/be\/wp-json\/wp\/v2\/tags?post=436514"}],"curies":[{"name":"wp","href":"https:\/\/api.w.org\/{rel}","templated":true}]}}