{"id":436610,"date":"2024-03-10T14:30:00","date_gmt":"2024-03-10T13:30:00","guid":{"rendered":"https:\/\/skruv.nu\/?p=436610"},"modified":"2024-03-11T08:00:53","modified_gmt":"2024-03-11T07:00:53","slug":"foreningsstamma-i-malmo-8","status":"publish","type":"post","link":"https:\/\/skruv.nu\/be\/aktiviteter\/foreningsstamma-i-malmo-8\/","title":{"rendered":"F\u00f6reningsst\u00e4mma i Malm\u00f6"},"content":{"rendered":"\n<p class=\"has-theme-palette-7-background-color has-background has-medium-font-size\">Sal 305, Studiefr\u00e4mjandet, Ystadsgatan 53, Malm\u00f6<br>S\u00f6ndag 10&nbsp;mars 2024 kl 14.30\u2013ca 15.00<\/p>\n\n\n\n<p>Har du id\u00e9er om motioner, s\u00e5 \u00e4r det dags redan nu att b\u00f6rja skissa p\u00e5 texten.<\/p>\n\n\n\n<p>Har du f\u00f6rslag p\u00e5 personer som vill sitta i styrelsen eller vill du sj\u00e4lv kandidera? Nomineringen sk\u00f6ts av valberedningen, som i \u00e5r utg\u00f6rs av styrelsen.<\/p>\n\n\n\n<p>Skriv in datumet redan nu och m\u00f6t upp i Malm\u00f6 f\u00f6r att debattera f\u00f6reningens verksamhet och planer!<\/p>\n\n\n\n<div class=\"wp-block-group has-theme-palette-7-background-color has-background is-layout-constrained wp-block-group-is-layout-constrained\">\n<p>Varje medlem har r\u00e4tt att st\u00e4lla f\u00f6rslag till f\u00f6reningsst\u00e4mman. S\u00e5dant f\u00f6rslag ska f\u00f6r att kunna behandlas ha kommit in till styrelsen senast fyra veckor f\u00f6re f\u00f6reningsst\u00e4mman.<\/p>\n\n\n\n<p>Varje n\u00e4rvarande medlem som betalat sin avgift \u00e4ger vid eventuell omr\u00f6stning en r\u00f6st. Bara medlemmar har tilltr\u00e4de till f\u00f6reningsst\u00e4mman.<\/p>\n<\/div>\n\n\n\n<p><\/p>\n\n\n\n<p><em>Efter&nbsp;f\u00f6reningsst\u00e4mman ordnar vi ett Skruvkaf\u00e9.&nbsp;<a href=\"https:\/\/skruv.nu\/aktiviteter\/semlorna-moter-blinierna-2024\/\" data-type=\"post\" data-id=\"425319\">Se s\u00e4rskild inbjudan.<\/a><\/em><\/p>\n\n\n\n<p>F\u00f6reningsst\u00e4mman h\u00e5lls p\u00e5 svenska med tolkning till ryska vid behov.<\/p>\n\n\n\n<p>Hj\u00e4rtligt v\u00e4lkommen\u00a0h\u00e4lsar styrelsen!<\/p>\n\n\n\n<h2 class=\"wp-block-heading\" id=\"dagordning-for-foreningsstamman\">Dagordning f\u00f6r&nbsp;f\u00f6reningsst\u00e4mman<\/h2>\n\n\n\n<p>1.&nbsp;F\u00f6reningsst\u00e4mmans&nbsp;\u00f6ppnande<br>2. Fr\u00e5ga om st\u00e4mman blivit kallad enligt stadgarna<br>3. Val av<br><em>a. m\u00f6tesordf\u00f6rande<br>b. m\u00f6tessekreterare<br>c. tv\u00e5 protokolljusterare, tillika r\u00f6str\u00e4knare<\/em><br>4. Fastst\u00e4llande av dagordning, arbetsordning och r\u00f6stl\u00e4ngd f\u00f6r st\u00e4mman<br>5. Styrelsens \u00e5rsber\u00e4ttelse<br><em>a. verksamhet<\/em><br><em>b. ekonomi<\/em><br>6. Revisorernas ber\u00e4ttelse<br>7. Fr\u00e5ga om ansvarsfrihet f\u00f6r styrelsen<br>8. Behandling av motioner och f\u00f6rslag<br>9. Fastst\u00e4llande av verksamhetsplan<br>10. Beslut om medlemsavgifter<br>11. Beslut om arvoden och ers\u00e4ttningar<br>12. Val av ordf\u00f6rande f\u00f6r en tid av ett \u00e5r<br>13. Val av \u00f6vriga ledam\u00f6ter f\u00f6r en tid av tv\u00e5 \u00e5r<br>14. Val av tv\u00e5 revisorer och en revisorsers\u00e4ttare p\u00e5 ett \u00e5r<br>15. Val av valberedning<br>16. Eventuella \u00f6vriga val<br>17. \u00d6vriga \u00e4renden som&nbsp;f\u00f6reningsst\u00e4mman&nbsp;beslutar behandla<br>18.&nbsp;F\u00f6reningsst\u00e4mmans&nbsp;avslutande<\/p>\n","protected":false},"excerpt":{"rendered":"<p>Den 10 mars samlas vi i Malm\u00f6 f\u00f6r v\u00e5rt demokratiska arbete. Verksamhets\u00e5ret 2023 ska avhandlas och redovisas. Val ska g\u00f6ras och f\u00f6reningens framtid ska diskuteras.<\/p>\n","protected":false},"author":1,"featured_media":366831,"comment_status":"closed","ping_status":"open","sticky":false,"template":"","format":"standard","meta":{"_acf_changed":false,"_seopress_robots_primary_cat":"none","_seopress_titles_title":"","_seopress_titles_desc":"","_seopress_robots_index":"","_kad_post_transparent":"","_kad_post_title":"","_kad_post_layout":"","_kad_post_sidebar_id":"","_kad_post_content_style":"","_kad_post_vertical_padding":"","_kad_post_feature":"","_kad_post_feature_position":"","_kad_post_header":false,"_kad_post_footer":false,"_kad_post_classname":"","footnotes":""},"categories":[41,166],"tags":[222,177],"class_list":["post-436610","post","type-post","status-publish","format-standard","has-post-thumbnail","hentry","category-aktiviteter","category-foreningsdemokrati","tag-malmo","tag-tidigare"],"acf":[],"_links":{"self":[{"href":"https:\/\/skruv.nu\/be\/wp-json\/wp\/v2\/posts\/436610","targetHints":{"allow":["GET"]}}],"collection":[{"href":"https:\/\/skruv.nu\/be\/wp-json\/wp\/v2\/posts"}],"about":[{"href":"https:\/\/skruv.nu\/be\/wp-json\/wp\/v2\/types\/post"}],"author":[{"embeddable":true,"href":"https:\/\/skruv.nu\/be\/wp-json\/wp\/v2\/users\/1"}],"replies":[{"embeddable":true,"href":"https:\/\/skruv.nu\/be\/wp-json\/wp\/v2\/comments?post=436610"}],"version-history":[{"count":0,"href":"https:\/\/skruv.nu\/be\/wp-json\/wp\/v2\/posts\/436610\/revisions"}],"wp:featuredmedia":[{"embeddable":true,"href":"https:\/\/skruv.nu\/be\/wp-json\/wp\/v2\/media\/366831"}],"wp:attachment":[{"href":"https:\/\/skruv.nu\/be\/wp-json\/wp\/v2\/media?parent=436610"}],"wp:term":[{"taxonomy":"category","embeddable":true,"href":"https:\/\/skruv.nu\/be\/wp-json\/wp\/v2\/categories?post=436610"},{"taxonomy":"post_tag","embeddable":true,"href":"https:\/\/skruv.nu\/be\/wp-json\/wp\/v2\/tags?post=436610"}],"curies":[{"name":"wp","href":"https:\/\/api.w.org\/{rel}","templated":true}]}}