{"id":436736,"date":"2024-01-13T19:00:00","date_gmt":"2024-01-13T18:00:00","guid":{"rendered":"https:\/\/skruv.nu\/okategoriserad\/nyar-enligt-gamla-stilen-i-malmo-13-januari-2024\/"},"modified":"2025-01-19T19:25:57","modified_gmt":"2025-01-19T18:25:57","slug":"kulturkvall-nyar-enligt-gamla-stilen-i-malmo-13-januari-2024","status":"publish","type":"post","link":"https:\/\/skruv.nu\/be\/aktiviteter\/kulturkvall-nyar-enligt-gamla-stilen-i-malmo-13-januari-2024\/","title":{"rendered":"Kulturkv\u00e4ll: Ny\u00e5r enligt gamla stilen i Malm\u00f6"},"content":{"rendered":"\n<p class=\"has-theme-palette-7-background-color has-background has-medium-font-size\">Stora salen, Studiefr\u00e4mjandet, Ystadsgatan 53, Malm\u00f6<br\/>L\u00f6rdag 13 januari 2024 kl 19.00<\/p>\n\n<div class=\"wp-block-columns are-vertically-aligned-center is-layout-flex wp-container-core-columns-is-layout-9d6595d7 wp-block-columns-is-layout-flex\">\n<div class=\"wp-block-column is-vertically-aligned-center is-layout-flow wp-block-column-is-layout-flow\">\n<figure class=\"wp-block-image size-full\"><img decoding=\"async\" src=\"https:\/\/skruv.nu\/wp-content\/uploads\/2004\/01\/disco-gran.webp\" alt=\"disko i 90-talsstil med julgran\" class=\"wp-image-436884\"\/><\/figure>\n<\/div>\n\n\n\n<div class=\"wp-block-column is-vertically-aligned-center is-layout-flow wp-block-column-is-layout-flow\">\n<p>Vi tar upp de historiska och kulturella traditionerna kring ny\u00e5r: n\u00e4r man b\u00f6rjade fira ny\u00e5r den 1 januari i Ryssland, Ukraina och Belarus, firandet f\u00f6rr och nu, och varf\u00f6r det finns ett ny\u00e5r till, som firas av m\u00e5nga den 13 januari i de postsovjetiska och Balkanl\u00e4nderna, vilka andra datum finns i v\u00e4rlden f\u00f6r att fira ny\u00e5r. \u2013 Vi tar \u00e4ven upp den spr\u00e5kliga vinkeln om namnet p\u00e5 det gamla ny\u00e5ret. Vi g\u00f6r en fr\u00e5gesport om det och diskuterar svaren. \u2013 Genom en teaterf\u00f6rest\u00e4llning har vi \u00e4ven tidsresa till hur en s\u00e5dan h\u00f6gtid kunde vara p\u00e5 1990-talet, en tid som \u00e4r historiskt intressant f\u00f6r hela f.d. Sovjetunionen. I den interaktiva f\u00f6rest\u00e4llningen flyttas sagokarakt\u00e4rer fr\u00e5n sagan om Askungen till det gamla ny\u00e5ret p\u00e5 nittiotalet, och alla g\u00e4sterna f\u00e5r vara med d\u00e5 delar av f\u00f6rest\u00e4llningen utspelar sig bland publiken och med engagemang fr\u00e5n publiken. \u2013 Temat nittiotal m\u00e4rks ocks\u00e5 i kl\u00e4dkoden: vi uppmuntrar publiken att komma utkl\u00e4dda enligt den tidens mode, och vi planerar uppvisning av g\u00e4sternas kl\u00e4dsel som p\u00e5 modevisning. \u00c4ven musik och dans som var popul\u00e4ra p\u00e5 nittotalet \u00e4r i fokus p\u00e5 v\u00e5rt arrangemang i form av leddarledda dansaktiviteter och som fri dans med nittiotalsmusik fr\u00e5n de postsovjetiska l\u00e4nderna.<\/p>\n\n\n\n<p>Biljettpris:<\/p>\n\n\n\n<ul class=\"wp-block-list\">\n<li>27 december\u20131 januari kostar biljetten 180 kr.<\/li>\n\n\n\n<li>2\u201312 januari kostar biljetten 200 kr.<\/li>\n\n\n\n<li>13 januari kostar biljetten 230 kr.<\/li>\n<\/ul>\n\n\n\n<p>Medlemmar i Skruv har 20 % rabatt. Medlemmarna f\u00e5r en s\u00e4rskild rabattkod, som m\u00e5ste anges vid k\u00f6p av biljetter f\u00f6r att rabatten ska dras.<\/p>\n<\/div>\n<\/div>\n\n<p>\n          <a href=\"https:\/\/butik.skruv.nu\/\">Entr\u00e9biljetter och medlemskap g\u00e5r att k\u00f6pa i Skruvs webbutik \u00bb<\/a>\n        <\/p>\n\n<p>Begr\u00e4nsat antal deltagare. Biljettf\u00f6rs\u00e4ljningen \u00f6ppnar 27 december.<\/p>\n\n<div class=\"wp-block-buttons is-content-justification-center is-layout-flex wp-container-core-buttons-is-layout-16018d1d wp-block-buttons-is-layout-flex\">\n<div class=\"wp-block-button\"><a class=\"wp-block-button__link wp-element-button\" href=\"https:\/\/butik.skruv.nu\/\">\n          <strong>WEBBUTIK<\/strong>\n        <\/a><\/div>\n<\/div>\n\n<p>Spr\u00e5k f\u00f6r evenemanget: ryska.<\/p>\n\n<p>Missa inte chansen att bli en del av detta sp\u00e4nnande evenemang!<\/p>\n\n<p>Och det \u00e4r inte allt. H\u00e5ll utkik efter v\u00e5ra uppdateringar!<\/p>\n\n<div class=\"wp-block-group has-theme-palette-7-background-color has-background is-layout-constrained wp-block-group-is-layout-constrained\">\n<h2 class=\"wp-block-heading\">Regler vid biljettk\u00f6p<\/h2>\n\n\n\n<p>\n          <strong>Obs! N\u00e4r betalningen \u00e4r gjord f\u00e5r du en bekr\u00e4ftelse med referensnummer via e-post. Med hj\u00e4lp av detta nummer h\u00e4mtar du vid entr\u00e9n ut dina entr\u00e9biljetter.<\/strong>\n        <\/p>\n\n\n\n<p>Biljetterna \u00e4r inte personliga, s\u00e5 en konsument som inte sj\u00e4lv kommer att utnyttja en k\u00f6pt biljett har r\u00e4tt att s\u00e4lja denna vidare. En bokning kan \u00e5ngras fram till dess att betalning har skett. Distansavtalslagens regler om \u00e5ngerr\u00e4tt g\u00e4ller ej vid k\u00f6p av evenemangsbiljetter. N\u00e4r betalning har skett \u00e4r du som kund d\u00e4rf\u00f6r bunden av ditt k\u00f6p.<\/p>\n\n\n\n<p>K\u00f6pt biljett \u00e5terl\u00f6ses ej, med undantag f\u00f6r om f\u00f6rest\u00e4llningen\/konserten st\u00e4lls in. Kunden skall i dessa fall senast en (1) m\u00e5nad fr\u00e5n evenemangsdatumet\/dagen d\u00e5 evenemanget skulle ha varit, meddela sitt anspr\u00e5k p\u00e5 \u00e5terbetalning till det f\u00f6retag varifr\u00e5n biljetten k\u00f6pts. Detta g\u00e4ller b\u00e5de vid inst\u00e4llt evenemang och i de fall d\u00e5 biljett makulerats och kunden har haft r\u00e4tt till \u00e5terbetalning.<\/p>\n\n\n\n<p>Kunden ansvarar sj\u00e4lv f\u00f6r att kontrollera att f\u00f6rest\u00e4llning ej \u00e4r inst\u00e4lld eller flyttad.<\/p>\n\n\n\n<p>Det kan finnas andra, eller ytterligare lagar och regler som g\u00e4ller f\u00f6r k\u00f6p som genomf\u00f6rs av konsumenter. F\u00f6r mer information om dina r\u00e4ttigheter som konsument h\u00e4nvisar vi dig till Konsumentverket, se <a href=\"https:\/\/www.konsumentverket.se\/\">www.konsumentverket.se<\/a>.<\/p>\n<\/div>\n\n<p>\n          <a href=\"https:\/\/www.facebook.com\/events\/737729861197672\/\" target=\"_blank\" rel=\"noreferrer noopener\">Se \u00e4ven Facebookevenemanget \u00bb<\/a>\n        <\/p>\n\n<div class=\"wp-block-columns is-layout-flex wp-container-core-columns-is-layout-9d6595d7 wp-block-columns-is-layout-flex\">\n<div class=\"wp-block-column is-layout-flow wp-block-column-is-layout-flow\" style=\"flex-basis:66.66%\">\n<p>\n          <em>Det h\u00e4r \u00e4r ett arrangemang av Skruv i samarbete med Studiefr\u00e4mjandet.<br\/>Producent, rysk text i inbjudan: N.N.<br\/><em>Framtr\u00e4dande av artistgruppen Ogonj\u00f3k och DJ Elena.<\/em><br\/>Redigering och \u00f6vers\u00e4ttning av inbjudan, marknadsf\u00f6ring: Niklas B\u00f6nnemark.<br\/>Sponsor (ljudteknik): <a href=\"https:\/\/lgtravel.se\/\" data-type=\"link\" data-id=\"https:\/\/lgtravel.se\/\" target=\"_blank\" rel=\"noreferrer noopener\">LG Travel<\/a>.<\/em>\n        <\/p>\n<\/div>\n\n\n\n<div class=\"wp-block-column is-layout-flow wp-block-column-is-layout-flow\" style=\"flex-basis:33.33%\">\n<div class=\"wp-block-group has-background is-layout-flow wp-block-group-is-layout-flow\" style=\"background-color:#f4f4f4\">\n<p class=\"has-text-align-center has-large-font-size\">I samarbete med<\/p>\n\n\n\n<figure class=\"wp-block-image aligncenter size-full\"><img fetchpriority=\"high\" decoding=\"async\" width=\"300\" height=\"194\" src=\"https:\/\/skruv.nu\/wp-content\/uploads\/2022\/01\/sfr-logo-red-transparent-bakgrund_b300.png\" alt=\"Studiefr&#xE4;mjandets logotyp\" class=\"wp-image-424998\" srcset=\"https:\/\/skruv.nu\/wp-content\/uploads\/2022\/01\/sfr-logo-red-transparent-bakgrund_b300.png 300w, https:\/\/skruv.nu\/wp-content\/uploads\/2022\/01\/sfr-logo-red-transparent-bakgrund_b300-150x97.png 150w\" sizes=\"(max-width: 300px) 100vw, 300px\" \/><\/figure>\n<\/div>\n<\/div>\n<\/div>\n","protected":false},"excerpt":{"rendered":"<p>L\u00e5t oss m\u00e5la den gr\u00e5 vardagen i januari och fira det gamla ny\u00e5ret tillsammans med ett glatt s\u00e4llskap! Artistgruppen Ogonj\u00f3k, DJ Elena och de aktiva medlemmarna i Skruv bjuder in till en of\u00f6rgl\u00f6mlig kulturkv\u00e4ll.<\/p>\n","protected":false},"author":1,"featured_media":437065,"comment_status":"closed","ping_status":"open","sticky":false,"template":"","format":"standard","meta":{"_acf_changed":false,"_seopress_robots_primary_cat":"none","_seopress_titles_title":"","_seopress_titles_desc":"","_seopress_robots_index":"","_kad_post_transparent":"","_kad_post_title":"","_kad_post_layout":"","_kad_post_sidebar_id":"","_kad_post_content_style":"","_kad_post_vertical_padding":"","_kad_post_feature":"","_kad_post_feature_position":"","_kad_post_header":false,"_kad_post_footer":false,"_kad_post_classname":"","footnotes":""},"categories":[41,69,397],"tags":[222,177],"class_list":["post-436736","post","type-post","status-publish","format-standard","has-post-thumbnail","hentry","category-aktiviteter","category-fester","category-teater","tag-malmo","tag-tidigare"],"acf":[],"_links":{"self":[{"href":"https:\/\/skruv.nu\/be\/wp-json\/wp\/v2\/posts\/436736","targetHints":{"allow":["GET"]}}],"collection":[{"href":"https:\/\/skruv.nu\/be\/wp-json\/wp\/v2\/posts"}],"about":[{"href":"https:\/\/skruv.nu\/be\/wp-json\/wp\/v2\/types\/post"}],"author":[{"embeddable":true,"href":"https:\/\/skruv.nu\/be\/wp-json\/wp\/v2\/users\/1"}],"replies":[{"embeddable":true,"href":"https:\/\/skruv.nu\/be\/wp-json\/wp\/v2\/comments?post=436736"}],"version-history":[{"count":6,"href":"https:\/\/skruv.nu\/be\/wp-json\/wp\/v2\/posts\/436736\/revisions"}],"predecessor-version":[{"id":446263,"href":"https:\/\/skruv.nu\/be\/wp-json\/wp\/v2\/posts\/436736\/revisions\/446263"}],"wp:featuredmedia":[{"embeddable":true,"href":"https:\/\/skruv.nu\/be\/wp-json\/wp\/v2\/media\/437065"}],"wp:attachment":[{"href":"https:\/\/skruv.nu\/be\/wp-json\/wp\/v2\/media?parent=436736"}],"wp:term":[{"taxonomy":"category","embeddable":true,"href":"https:\/\/skruv.nu\/be\/wp-json\/wp\/v2\/categories?post=436736"},{"taxonomy":"post_tag","embeddable":true,"href":"https:\/\/skruv.nu\/be\/wp-json\/wp\/v2\/tags?post=436736"}],"curies":[{"name":"wp","href":"https:\/\/api.w.org\/{rel}","templated":true}]}}