{"id":437620,"date":"2024-03-12T18:00:00","date_gmt":"2024-03-12T17:00:00","guid":{"rendered":"https:\/\/skruv.nu\/?p=437620"},"modified":"2024-04-02T19:42:25","modified_gmt":"2024-04-02T17:42:25","slug":"besok-pa-ystads-stadsbibliotek-pa-vaslav-nijinskys-135-arsdag-12-mars-2024","status":"publish","type":"post","link":"https:\/\/skruv.nu\/be\/aktiviteter\/besok-pa-ystads-stadsbibliotek-pa-vaslav-nijinskys-135-arsdag-12-mars-2024\/","title":{"rendered":"Bes\u00f6k p\u00e5 Ystads stadsbibliotek p\u00e5 Vaslav Nijinskys 135-\u00e5rsdag"},"content":{"rendered":"\n<p class=\"has-theme-palette-7-background-color has-background has-medium-font-size\">Ystads stadsbibliotek, Surbrunnsv\u00e4gen 12, Ystad<br>Tisdag 12 mars 2024 kl 18.00\u201319.00<\/p>\n\n\n\n<h2 class=\"wp-block-heading\">Vaslav Nijinsky<\/h2>\n\n\n\n<p><strong>Vaslav Nijinsky<\/strong> (Wac\u0142aw Ni\u017cy\u0144ski) f\u00f6ddes 12 mars 1889 i Kiev, som d\u00e5 l\u00e5g i Ryska riket. Efter examen vid kejserliga balettskolan i S:t Petersburg anst\u00e4lldes Nijinsky vid Mariinskijteatern och blev dess mest beundrade dans\u00f6r. Fr\u00e5n 1909 blev han \u00e4ven den ledande stj\u00e4rnan i Diaghilews Ballets Russes.<\/p>\n\n\n\n<p>Tack vare ryttm\u00e4stare <strong>John Andr\u00e9n<\/strong> finns det en specialsamling med b\u00f6cker om Vaslav Nijinsky p\u00e5 Ystads stadsbibliotek. Vid sin bortg\u00e5ng 1965 testamenterade han sin boksamling till biblioteket. Boksamlingen f\u00f6rvaltas enligt testamentet av en stiftelse, vars huvudsakliga \u00e4ndam\u00e5l \u00e4r att med utg\u00e5ngspunkt fr\u00e5n den ursprungliga boksamlingen bygga upp en specialsamling med Oscar Wilde, Aubrey Beardsley, T.E. Lawrence och Vaslav Nijinsky. B\u00f6ckerna i samlingen f\u00e5r bara l\u00e4sas p\u00e5 biblioteket i Ystad.<\/p>\n\n\n\n<p>Niklas B\u00f6nnemark ber\u00e4ttar om bakgrunden till samlingen och om Vaslav Nijinsky. Vi tittar p\u00e5 n\u00e5gra av b\u00f6ckerna om Nijinsky i samlingen.<\/p>\n\n\n\n<p><a href=\"https:\/\/www.facebook.com\/events\/280492428394063\/\">Se evenemanget p\u00e5 Facebook \u00bb<\/a><\/p>\n\n\n\n<p><em>Id\u00e9, planering och genomf\u00f6rande: Niklas B\u00f6nnemark.<br>Svensk text i inbjudan: Niklas B\u00f6nnemark.<br>Rysk \u00f6vers\u00e4ttning av inbjudan: Niklas B\u00f6nnemark.<br>Redigering av inbjudan och marknadsf\u00f6ring: Niklas B\u00f6nnemark.<\/em><\/p>\n\n\n\n<p class=\"has-theme-palette-9-color has-theme-palette-3-background-color has-text-color has-background has-link-color wp-elements-e65a9b2e8f37c8e8897b42950e884562\">I evenemanget deltog 6 personer.<\/p>\n","protected":false},"excerpt":{"rendered":"<p>P\u00e5 dans\u00f6ren och koreografen Vaslav Nijinskys 135-\u00e5rsdag bes\u00f6ker Skruv Ystad. I Andr\u00e9nrummet p\u00e5 Ystads stadsbibliotek finns det en unik samling med b\u00f6cker om Nijinsky.<\/p>\n","protected":false},"author":1,"featured_media":439499,"comment_status":"closed","ping_status":"open","sticky":false,"template":"","format":"standard","meta":{"_acf_changed":false,"_seopress_robots_primary_cat":"none","_seopress_titles_title":"","_seopress_titles_desc":"","_seopress_robots_index":"","_kad_post_transparent":"","_kad_post_title":"","_kad_post_layout":"","_kad_post_sidebar_id":"","_kad_post_content_style":"","_kad_post_vertical_padding":"","_kad_post_feature":"","_kad_post_feature_position":"","_kad_post_header":false,"_kad_post_footer":false,"_kad_post_classname":"","footnotes":""},"categories":[41,91],"tags":[228,177],"class_list":["post-437620","post","type-post","status-publish","format-standard","has-post-thumbnail","hentry","category-aktiviteter","category-studiebesok","tag-oresund","tag-tidigare"],"acf":[],"_links":{"self":[{"href":"https:\/\/skruv.nu\/be\/wp-json\/wp\/v2\/posts\/437620","targetHints":{"allow":["GET"]}}],"collection":[{"href":"https:\/\/skruv.nu\/be\/wp-json\/wp\/v2\/posts"}],"about":[{"href":"https:\/\/skruv.nu\/be\/wp-json\/wp\/v2\/types\/post"}],"author":[{"embeddable":true,"href":"https:\/\/skruv.nu\/be\/wp-json\/wp\/v2\/users\/1"}],"replies":[{"embeddable":true,"href":"https:\/\/skruv.nu\/be\/wp-json\/wp\/v2\/comments?post=437620"}],"version-history":[{"count":0,"href":"https:\/\/skruv.nu\/be\/wp-json\/wp\/v2\/posts\/437620\/revisions"}],"wp:featuredmedia":[{"embeddable":true,"href":"https:\/\/skruv.nu\/be\/wp-json\/wp\/v2\/media\/439499"}],"wp:attachment":[{"href":"https:\/\/skruv.nu\/be\/wp-json\/wp\/v2\/media?parent=437620"}],"wp:term":[{"taxonomy":"category","embeddable":true,"href":"https:\/\/skruv.nu\/be\/wp-json\/wp\/v2\/categories?post=437620"},{"taxonomy":"post_tag","embeddable":true,"href":"https:\/\/skruv.nu\/be\/wp-json\/wp\/v2\/tags?post=437620"}],"curies":[{"name":"wp","href":"https:\/\/api.w.org\/{rel}","templated":true}]}}