{"id":437644,"date":"2024-05-18T14:00:00","date_gmt":"2024-05-18T12:00:00","guid":{"rendered":"https:\/\/skruv.nu\/?p=437644"},"modified":"2024-05-18T22:00:29","modified_gmt":"2024-05-18T20:00:29","slug":"promenadpicknick-i-dalby-soderskog-lund-18-maj-2024","status":"publish","type":"post","link":"https:\/\/skruv.nu\/be\/aktiviteter\/picknickar\/promenadpicknick-i-dalby-soderskog-lund-18-maj-2024\/","title":{"rendered":"Promenadpicknick i Dalby S\u00f6derskog (Lund)"},"content":{"rendered":"\n<p class=\"has-theme-palette-7-background-color has-background has-medium-font-size\">Nationalparken Dalby S\u00f6derskog, Dalby hage, Dalby (samling vid entr\u00e9n)<br>L\u00f6rdag 18 maj 2024 kl 14.30\u201316.40<\/p>\n\n\n\n<p>Dalby S\u00f6derskog \u00e4r Europas minsta nationalpark, en liten p\u00e4rla som bjuder p\u00e5 frodig gr\u00f6nska och f\u00e5gels\u00e5ng. P\u00e5 v\u00e5ren t\u00e4cks marken under tr\u00e4dkronorna av vita, gula och bl\u00e5a sippor, ofta tillsammans med rosalila h\u00e5lnunne\u00f6rt och orkid\u00e9n Sankt Pers nycklar.<\/p>\n\n\n\n<p>Vi samlas vid entr\u00e9n till nationalparken kl 14.30. Genom den vildvuxna skogen v\u00e4ljer vi att g\u00e5 Kroppek\u00e4rrsrundan, som \u00e4r 2,3 km l\u00e5ng och som tar oss runt hela nationalparken. De norra delarna \u00e4r inte lika v\u00e4lbes\u00f6kta och brukar ge m\u00f6jlighet till lugn och ro \u00e4ven under nationalparkens h\u00f6gtidsstund, v\u00e5rblomningen. Det kan vara lite bl\u00f6tt p\u00e5 stigen, s\u00e5 man b\u00f6r ha grova skor eller st\u00f6vlar.<\/p>\n\n\n\n<p>P\u00e5 v\u00e4gen stannar vi och har picknick, s\u00e5 ta g\u00e4rna med n\u00e5got som du vill \u00e4ta och dricka, och n\u00e5got att sitta p\u00e5. T\u00e4nk p\u00e5 att det \u00e4r f\u00f6rbjudet att elda i nationalparken.<\/p>\n\n\n\n<p>Spr\u00e5k (introduktion och alls\u00e5ng): svenska, ryska.<\/p>\n\n\n\n<p>Evenemanget \u00e4r gratis, \u00f6ppet f\u00f6r alla oavsett \u00e5lder och modersm\u00e5l. Ingen f\u00f6ranm\u00e4lan kr\u00e4vs. Picknicken \u00e4ger rum oavsett v\u00e4der.<\/p>\n\n\n\n<p>Evenemanget \u00e4r \u00f6ppet f\u00f6r b\u00e5de medlemmar och icke-medlemmar. Passa g\u00e4rna p\u00e5 att betala medlemsavgiften till f\u00f6reningen (kontant eller Swish).<\/p>\n\n\n\n<p><a href=\"https:\/\/www.facebook.com\/events\/740165911588304\/\">Se \u00e4ven evenemangets Facebooksida \u00bb<\/a><\/p>\n\n\n\n<p><em>Id\u00e9, planering och genomf\u00f6rande: Skruvs styrelse.<\/em><\/p>\n\n\n\n<div class=\"wp-block-group has-theme-palette-7-background-color has-background is-layout-constrained wp-block-group-is-layout-constrained\">\n<h2 class=\"wp-block-heading\">F\u00f6rslag till resv\u00e4g<\/h2>\n\n\n\n<h3 class=\"wp-block-heading\">Resa fr\u00e5n Lund<\/h3>\n\n\n\n<p>Fr\u00e5n Lund C g\u00e5r buss 159 kl 14.00 mot Dalby. Ankomst till h\u00e5llplats Dalby S\u00f6derskog 14.24. \u00c5terresa kl 16.44, ankomst till Lund C kl 17.10.<\/p>\n<\/div>\n\n\n\n<p><\/p>\n\n\n\n<p class=\"has-theme-palette-9-color has-theme-palette-3-background-color has-text-color has-background has-link-color wp-elements-e65a9b2e8f37c8e8897b42950e884562\">I evenemanget deltog 6 personer.<\/p>\n","protected":false},"excerpt":{"rendered":"<p>Skruv ordnar utflykt till nationalparken Dalby S\u00f6derskog.<\/p>\n","protected":false},"author":1,"featured_media":442174,"comment_status":"closed","ping_status":"open","sticky":false,"template":"","format":"standard","meta":{"_acf_changed":false,"_seopress_robots_primary_cat":"none","_seopress_titles_title":"","_seopress_titles_desc":"","_seopress_robots_index":"","_kad_post_transparent":"","_kad_post_title":"","_kad_post_layout":"","_kad_post_sidebar_id":"","_kad_post_content_style":"","_kad_post_vertical_padding":"","_kad_post_feature":"","_kad_post_feature_position":"","_kad_post_header":false,"_kad_post_footer":false,"_kad_post_classname":"","footnotes":""},"categories":[160],"tags":[207,177],"class_list":["post-437644","post","type-post","status-publish","format-standard","has-post-thumbnail","hentry","category-picknickar","tag-lund","tag-tidigare"],"acf":[],"_links":{"self":[{"href":"https:\/\/skruv.nu\/be\/wp-json\/wp\/v2\/posts\/437644","targetHints":{"allow":["GET"]}}],"collection":[{"href":"https:\/\/skruv.nu\/be\/wp-json\/wp\/v2\/posts"}],"about":[{"href":"https:\/\/skruv.nu\/be\/wp-json\/wp\/v2\/types\/post"}],"author":[{"embeddable":true,"href":"https:\/\/skruv.nu\/be\/wp-json\/wp\/v2\/users\/1"}],"replies":[{"embeddable":true,"href":"https:\/\/skruv.nu\/be\/wp-json\/wp\/v2\/comments?post=437644"}],"version-history":[{"count":1,"href":"https:\/\/skruv.nu\/be\/wp-json\/wp\/v2\/posts\/437644\/revisions"}],"predecessor-version":[{"id":442177,"href":"https:\/\/skruv.nu\/be\/wp-json\/wp\/v2\/posts\/437644\/revisions\/442177"}],"wp:featuredmedia":[{"embeddable":true,"href":"https:\/\/skruv.nu\/be\/wp-json\/wp\/v2\/media\/442174"}],"wp:attachment":[{"href":"https:\/\/skruv.nu\/be\/wp-json\/wp\/v2\/media?parent=437644"}],"wp:term":[{"taxonomy":"category","embeddable":true,"href":"https:\/\/skruv.nu\/be\/wp-json\/wp\/v2\/categories?post=437644"},{"taxonomy":"post_tag","embeddable":true,"href":"https:\/\/skruv.nu\/be\/wp-json\/wp\/v2\/tags?post=437644"}],"curies":[{"name":"wp","href":"https:\/\/api.w.org\/{rel}","templated":true}]}}