{"id":442801,"date":"2024-05-29T09:30:00","date_gmt":"2024-05-29T07:30:00","guid":{"rendered":"https:\/\/skruv.nu\/?p=442801"},"modified":"2024-06-18T18:00:51","modified_gmt":"2024-06-18T16:00:51","slug":"skruv-deltar-i-ai-workshop-for-civilsamhallet-i-malmo","status":"publish","type":"post","link":"https:\/\/skruv.nu\/aktiviteter\/foreningsdemokrati\/skruv-deltar-i-ai-workshop-for-civilsamhallet-i-malmo\/","title":{"rendered":"Skruv deltar i AI-workshop f\u00f6r civilsamh\u00e4llet i Malm\u00f6"},"content":{"rendered":"\n<p class=\"has-theme-palette-7-background-color has-background has-medium-font-size\">F\u00f6reningscenter Nobel 21, Nobelv\u00e4gen 21, Malm\u00f6<br>Onsdag 29 och torsdag 30 maj 2024<\/p>\n\n\n\n<p>Malm\u00f6 Ideella bjuder tillsammans med ReDI School of Digital Integration och Microsoft in till\u00a0workshop i\u00a0AI\u00a0f\u00f6r f\u00f6reningsliv, id\u00e9burna organisationer och civilsamh\u00e4lle.<\/p>\n\n\n\n<p>Kom och utforska\u00a0AI:s potential f\u00f6r att f\u00f6rb\u00e4ttra processer och uppgifter i just din organisation \u2013 alltifr\u00e5n volont\u00e4rengagemang till rapportskrivning, insamlingsarbete och\/eller inneh\u00e5llsskapande. Tillsammans med andra f\u00e5r du insikter om m\u00f6jligheter och utmaningar i\u00a0AI-eran, och hur\u00a0AI\u00a0kan anv\u00e4ndas ansvarsfullt.<\/p>\n\n\n\n<p>Workshoppen h\u00e5lls p\u00e5 engelska.<\/p>\n\n\n\n<p class=\"has-theme-palette-9-color has-theme-palette-3-background-color has-text-color has-background has-link-color wp-elements-eb3429eebef65d1bdcd16e4cc7dedad9\">Fr\u00e5n Skruv deltog ordf\u00f6randen Niklas B\u00f6nnemark.<\/p>\n","protected":false},"excerpt":{"rendered":"<p>Skruv deltar i AI-workshop den 29\u201330 maj 2024.<\/p>\n","protected":false},"author":1,"featured_media":442804,"comment_status":"closed","ping_status":"open","sticky":false,"template":"","format":"standard","meta":{"_acf_changed":false,"_seopress_robots_primary_cat":"none","_seopress_titles_title":"","_seopress_titles_desc":"","_seopress_robots_index":"","_kad_post_transparent":"","_kad_post_title":"","_kad_post_layout":"","_kad_post_sidebar_id":"","_kad_post_content_style":"","_kad_post_vertical_padding":"","_kad_post_feature":"","_kad_post_feature_position":"","_kad_post_header":false,"_kad_post_footer":false,"_kad_post_classname":"","footnotes":""},"categories":[166],"tags":[222,177],"class_list":["post-442801","post","type-post","status-publish","format-standard","has-post-thumbnail","hentry","category-foreningsdemokrati","tag-malmo","tag-tidigare"],"acf":[],"_links":{"self":[{"href":"https:\/\/skruv.nu\/be\/wp-json\/wp\/v2\/posts\/442801","targetHints":{"allow":["GET"]}}],"collection":[{"href":"https:\/\/skruv.nu\/be\/wp-json\/wp\/v2\/posts"}],"about":[{"href":"https:\/\/skruv.nu\/be\/wp-json\/wp\/v2\/types\/post"}],"author":[{"embeddable":true,"href":"https:\/\/skruv.nu\/be\/wp-json\/wp\/v2\/users\/1"}],"replies":[{"embeddable":true,"href":"https:\/\/skruv.nu\/be\/wp-json\/wp\/v2\/comments?post=442801"}],"version-history":[{"count":1,"href":"https:\/\/skruv.nu\/be\/wp-json\/wp\/v2\/posts\/442801\/revisions"}],"predecessor-version":[{"id":442807,"href":"https:\/\/skruv.nu\/be\/wp-json\/wp\/v2\/posts\/442801\/revisions\/442807"}],"wp:featuredmedia":[{"embeddable":true,"href":"https:\/\/skruv.nu\/be\/wp-json\/wp\/v2\/media\/442804"}],"wp:attachment":[{"href":"https:\/\/skruv.nu\/be\/wp-json\/wp\/v2\/media?parent=442801"}],"wp:term":[{"taxonomy":"category","embeddable":true,"href":"https:\/\/skruv.nu\/be\/wp-json\/wp\/v2\/categories?post=442801"},{"taxonomy":"post_tag","embeddable":true,"href":"https:\/\/skruv.nu\/be\/wp-json\/wp\/v2\/tags?post=442801"}],"curies":[{"name":"wp","href":"https:\/\/api.w.org\/{rel}","templated":true}]}}