{"id":451969,"date":"1925-08-31T10:00:00","date_gmt":"1925-08-31T09:00:00","guid":{"rendered":"https:\/\/skruv.nu\/?p=451969"},"modified":"2025-08-23T10:40:51","modified_gmt":"2025-08-23T08:40:51","slug":"lasarsstart-pa-barnverksamheten-i-malmo-4","status":"publish","type":"post","link":"https:\/\/skruv.nu\/aktiviteter\/barn\/barn-malmo\/lasarsstart-pa-barnverksamheten-i-malmo-4\/","title":{"rendered":"L\u00e4s\u00e5rsstart p\u00e5 barnverksamheten i Malm\u00f6"},"content":{"rendered":"\n<p class=\"has-theme-palette-7-background-color has-background has-medium-font-size\">Studiefr\u00e4mjandet, Ystadsgatan 53, Malm\u00f6<br\/>S\u00f6ndag 1 september 2024 kl 10.00\u201315.00<\/p>\n\n<p>Vi ser fram emot att f\u00e5 tr\u00e4ffa alla barn och v\u00e5rdnadshavare!<\/p>\n\n<p>Du kan anm\u00e4la ditt\/dina barn via l\u00e4nken:<\/p>\n\n<div class=\"wp-block-buttons is-layout-flex wp-block-buttons-is-layout-flex\">\n<div class=\"wp-block-button\"><a class=\"wp-block-button__link has-contrast-color has-text-color has-background wp-element-button\" href=\"https:\/\/skruv.nu\/barn\/skruvs-barnverksamhet-i-malmo\/\" style=\"background-color:#fecc15\">\n          <strong>ANM\u00c4LAN<\/strong>\n        <\/a><\/div>\n<\/div>\n","protected":false},"excerpt":{"rendered":"<p>Start f\u00f6r ett nytt l\u00e4s\u00e5r p\u00e5 barnverksamheten i Malm\u00f6.<\/p>\n","protected":false},"author":1,"featured_media":443945,"comment_status":"closed","ping_status":"open","sticky":false,"template":"","format":"standard","meta":{"_acf_changed":false,"_seopress_robots_primary_cat":"none","_seopress_titles_title":"","_seopress_titles_desc":"","_seopress_robots_index":"","_kad_post_transparent":"","_kad_post_title":"","_kad_post_layout":"","_kad_post_sidebar_id":"","_kad_post_content_style":"","_kad_post_vertical_padding":"","_kad_post_feature":"","_kad_post_feature_position":"","_kad_post_header":false,"_kad_post_footer":false,"_kad_post_classname":"","footnotes":""},"categories":[32],"tags":[222,177],"class_list":["post-451969","post","type-post","status-publish","format-standard","has-post-thumbnail","hentry","category-barn-malmo","tag-malmo","tag-tidigare"],"acf":[],"_links":{"self":[{"href":"https:\/\/skruv.nu\/ru\/wp-json\/wp\/v2\/posts\/451969","targetHints":{"allow":["GET"]}}],"collection":[{"href":"https:\/\/skruv.nu\/ru\/wp-json\/wp\/v2\/posts"}],"about":[{"href":"https:\/\/skruv.nu\/ru\/wp-json\/wp\/v2\/types\/post"}],"author":[{"embeddable":true,"href":"https:\/\/skruv.nu\/ru\/wp-json\/wp\/v2\/users\/1"}],"replies":[{"embeddable":true,"href":"https:\/\/skruv.nu\/ru\/wp-json\/wp\/v2\/comments?post=451969"}],"version-history":[{"count":1,"href":"https:\/\/skruv.nu\/ru\/wp-json\/wp\/v2\/posts\/451969\/revisions"}],"predecessor-version":[{"id":451971,"href":"https:\/\/skruv.nu\/ru\/wp-json\/wp\/v2\/posts\/451969\/revisions\/451971"}],"wp:featuredmedia":[{"embeddable":true,"href":"https:\/\/skruv.nu\/ru\/wp-json\/wp\/v2\/media\/443945"}],"wp:attachment":[{"href":"https:\/\/skruv.nu\/ru\/wp-json\/wp\/v2\/media?parent=451969"}],"wp:term":[{"taxonomy":"category","embeddable":true,"href":"https:\/\/skruv.nu\/ru\/wp-json\/wp\/v2\/categories?post=451969"},{"taxonomy":"post_tag","embeddable":true,"href":"https:\/\/skruv.nu\/ru\/wp-json\/wp\/v2\/tags?post=451969"}],"curies":[{"name":"wp","href":"https:\/\/api.w.org\/{rel}","templated":true}]}}