{"id":100470,"date":"2015-02-27T00:00:16","date_gmt":"2015-02-26T23:00:16","guid":{"rendered":"http:\/\/www.skruv.org\/?p=100470"},"modified":"2021-02-06T07:59:50","modified_gmt":"2021-02-06T06:59:50","slug":"filmvisningar-i-projektet-neece-linnebla-27-feb-1-mars-2015","status":"publish","type":"post","link":"https:\/\/skruv.nu\/uk\/aktiviteter\/filmvisningar-i-projektet-neece-linnebla-27-feb-1-mars-2015\/","title":{"rendered":"Filmvisningar i projektet NEECE\/Linnebl\u00e5 27 feb\u20131 mars 2015"},"content":{"rendered":"\n<p>I mitten av 2014&nbsp;tr\u00e4ffades en grupp unga m\u00e4nniskor som st\u00e4llde sig sj\u00e4lva fr\u00e5gan: \u201dBeh\u00f6ver jag verkligen g\u00f6mma mig bakom och kompromissa med en stor organisation, f\u00f6r att f\u00e5 diskutera de fr\u00e5gor som jag tycker \u00e4r viktiga?\u201d F\u00f6r d\u00e5 ger man upp sin egen r\u00f6st till f\u00f6rm\u00e5n f\u00f6r opinionsmuskler&#8230; Och med detta ger man \u00e4ven upp friheten av tolkningen av sin id\u00e9, drivkraft och vision. I varje stor organisation finns det n\u00e4mligen en agenda, ett syfte, ett perspektiv, en policy eller stadgade regler.<\/p>\n\n\n\n<p>T\u00e4nk om vi skulle ta initiativet och uttrycka oss inte f\u00f6r att det skulle tj\u00e4na ett st\u00f6rre syfte, utan f\u00f6r att det skulle k\u00e4nnas r\u00e4tt att g\u00f6ra! Utan n\u00e5gra fina l\u00f6ften eller hopp om evig \u00e4ra&#8230; Fullt medvetna om de o\u00e4ndliga hinder som ett ideellt arbete medf\u00f6r. Utan n\u00e5gra f\u00f6rv\u00e4ntningar eller krav p\u00e5 m\u00e4tbara effekter. Och med total ovetskap om resultatet. Precis: ingenting som n\u00e5gon som helst organisation skulle syssla med. Men vi \u00e4r inte en organisation. Vi \u00e4r bara en grupp m\u00e4nniskor fr\u00e5n olika l\u00e4nder i nord\u00f6stra Europa som \u00e4r experimentsugna. S\u00e5 vi gjorde det!<\/p>\n\n\n\n<p>Vi valde ett tema i en \u00f6ppen diskussion p\u00e5 Facebook: konflikter blev det, och vi best\u00e4mde ett ramverk: f\u00f6rh\u00e5llanden, tillst\u00e5nd, kommunikation och agerande. Vi best\u00e4mde ocks\u00e5 formen f\u00f6r experimentet: en kortfilm, och sl\u00e4ppte d\u00e4rmed kontrollen \u00f6ver den gemensamma uttrycksviljan \u2013 det vill s\u00e4ga filmproduktionen. Alla v\u00e5ra deltagare (en liten grupp p\u00e5 6 personer) skapar en del av filmen, och den 25 februari ska de \u00e4ntligen tr\u00e4ffas f\u00f6r f\u00f6rsta g\u00e5ngen, f\u00f6r att avsluta filmproduktionen.<\/p>\n\n\n\n<p>Den 27 februari \u00e4ger den f\u00f6rsta filmvisningen rum p\u00e5 Stenkrossen i Lund. Ja, efter bara tv\u00e5 dagar! Det vill s\u00e4ga p\u00e5 tv\u00e5 dagar ska det virtuella samarbetet avrundas och utformas f\u00f6r att kunna visas upp f\u00f6r allm\u00e4nheten: ingen liten utmaning! I detta projekt ska <em>alla<\/em> involverade g\u00e5 utanf\u00f6r sin komfortzon!<\/p>\n\n\n\n<h2 class=\"wp-block-heading\">V\u00e4lkommen till filmvisningar och samtal<\/h2>\n\n\n\n<p>V\u00e4lkommen till filmvisningar och samtal i Lund 27 februari (<a rel=\"noopener noreferrer\" href=\"https:\/\/www.facebook.com\/events\/984784244867667\/\" target=\"_blank\">tid och plats hittar&nbsp;du h\u00e4r<\/a>), i Helsingborg 28 februari (<a rel=\"noopener noreferrer\" href=\"https:\/\/www.facebook.com\/events\/352125391659455\/\" target=\"_blank\">tid och plats hittar du h\u00e4r<\/a>) och i Helsing\u00f6r 1 mars (<a rel=\"noopener noreferrer\" href=\"https:\/\/www.facebook.com\/events\/1521626724768223\/\" target=\"_blank\">tid och plats hittar du h\u00e4r<\/a>)! Temat \u00e4r konflikter, och filmen g\u00f6rs av en grupp ungdomar fr\u00e5n Sverige, Vitryssland och Ryssland.<\/p>\n\n\n\n<p>Vi visar filmen \u2013 som inte \u00e4r n\u00e5got t\u00e4vlingsbidrag utan ett kulturexperiment utan n\u00e5gon referensram \u2013 och pratar d\u00e4refter om drivkrafter bakom v\u00e5ra viljeuttryck, m\u00f6jligheter och hinder vi f\u00e5r tack vare modern teknik, beredskap f\u00f6r och medvetenhet om sociala f\u00f6r\u00e4ndringar och varje m\u00e4nniskas roll i dem. Vi pratar om media och \u00f6ppenhet p\u00e5 Stenkrossen i Lund, om den fria kulturen p\u00e5 Salongen i Helsingborg och om det m\u00e5ngsidiga ansiktet av integrationen p\u00e5 Kulturv\u00e4rftet i Helsing\u00f6r. Alla samtal \u00e4ger rum efter filmvisningen och har ett diskussion-\/mingelformat f\u00f6r de involverade i projektet och lokala experter samt andra nyfikna n\u00e4rvarande. Varje arrangemang ber\u00e4knas ta ungef\u00e4r 1\u00bd timme.<\/p>\n\n\n\n<p>Vi v\u00e4lkomnar alla som har fr\u00e5gor till v\u00e5ra g\u00e4ster fr\u00e5n Vitryssland och Ryssland samt som skulle vilja bolla tankar om sociala innovationer, kultur, entrepren\u00f6rskap och f\u00f6r\u00e4ndringar i samh\u00e4llet: hur g\u00f6r man n\u00e4r man \u00e4r ensam, hur g\u00e5r det till n\u00e4r man \u00e4r en i en grupp?<\/p>\n\n\n\n<p>Vid fr\u00e5gor kontakta g\u00e4rna&nbsp;Tania Bauder, projektkoordinator, p\u00e5 telefon eller e-post.<\/p>\n","protected":false},"excerpt":{"rendered":"<p>V\u00e4lkommen till filmvisningar och samtal i Lund, Helsingborg  och Helsing\u00f6r! Temat \u00e4r konflikter, och filmen g\u00f6rs av en grupp ungdomar fr\u00e5n Sverige, Vitryssland och Ryssland.<\/p>\n","protected":false},"author":1,"featured_media":371701,"comment_status":"closed","ping_status":"closed","sticky":false,"template":"","format":"standard","meta":{"_acf_changed":false,"_seopress_robots_primary_cat":"none","_seopress_titles_title":"","_seopress_titles_desc":"","_seopress_robots_index":"","_kad_post_transparent":"","_kad_post_title":"","_kad_post_layout":"","_kad_post_sidebar_id":"","_kad_post_content_style":"","_kad_post_vertical_padding":"","_kad_post_feature":"","_kad_post_feature_position":"","_kad_post_header":false,"_kad_post_footer":false,"_kad_post_classname":"","footnotes":""},"categories":[41,162],"tags":[182,207,228,177],"class_list":["post-100470","post","type-post","status-publish","format-standard","has-post-thumbnail","hentry","category-aktiviteter","category-film-foto","tag-helsingborg","tag-lund","tag-oresund","tag-tidigare"],"acf":[],"_links":{"self":[{"href":"https:\/\/skruv.nu\/uk\/wp-json\/wp\/v2\/posts\/100470","targetHints":{"allow":["GET"]}}],"collection":[{"href":"https:\/\/skruv.nu\/uk\/wp-json\/wp\/v2\/posts"}],"about":[{"href":"https:\/\/skruv.nu\/uk\/wp-json\/wp\/v2\/types\/post"}],"author":[{"embeddable":true,"href":"https:\/\/skruv.nu\/uk\/wp-json\/wp\/v2\/users\/1"}],"replies":[{"embeddable":true,"href":"https:\/\/skruv.nu\/uk\/wp-json\/wp\/v2\/comments?post=100470"}],"version-history":[{"count":0,"href":"https:\/\/skruv.nu\/uk\/wp-json\/wp\/v2\/posts\/100470\/revisions"}],"wp:featuredmedia":[{"embeddable":true,"href":"https:\/\/skruv.nu\/uk\/wp-json\/wp\/v2\/media\/371701"}],"wp:attachment":[{"href":"https:\/\/skruv.nu\/uk\/wp-json\/wp\/v2\/media?parent=100470"}],"wp:term":[{"taxonomy":"category","embeddable":true,"href":"https:\/\/skruv.nu\/uk\/wp-json\/wp\/v2\/categories?post=100470"},{"taxonomy":"post_tag","embeddable":true,"href":"https:\/\/skruv.nu\/uk\/wp-json\/wp\/v2\/tags?post=100470"}],"curies":[{"name":"wp","href":"https:\/\/api.w.org\/{rel}","templated":true}]}}