{"id":366945,"date":"2016-02-19T00:00:26","date_gmt":"2016-02-18T23:00:26","guid":{"rendered":"https:\/\/skruv.nu\/?p=366945"},"modified":"2024-07-31T09:17:47","modified_gmt":"2024-07-31T07:17:47","slug":"personalfest","status":"publish","type":"post","link":"https:\/\/skruv.nu\/uk\/aktiviteter\/foreningsdemokrati\/personalfest\/","title":{"rendered":"Personalfest i Malm\u00f6"},"content":{"rendered":"\n<p class=\"has-theme-palette-7-background-color has-background has-medium-font-size\">Ungdomens hus, sal 12, Torpgatan 21, Malm\u00f6<br>Fredag 19 februari 2016 kl 18.00\u201322.00<\/p>\n\n\n\n<p>V\u00e4lkommen p\u00e5 fest&nbsp;f\u00f6r alla aktiva i Skruv! (Personlig inbjudan&nbsp;skickas&nbsp;ut till var och en.)<\/p>\n\n\n\n<p>Skruvs styrelse bjuder in till en fest i form av knytkalas&nbsp;f\u00f6r oss som var med under det g\u00e5ngna \u00e5ret&nbsp;och gjorde Skruvs arbete b\u00e4ttre och roligare.<\/p>\n\n\n\n<p>Det blir en fest som arrangeras av oss f\u00f6r oss sj\u00e4lva, f\u00f6r oss som annars inte haft m\u00f6jlighet att&nbsp;festa d\u00e5 vi fixade och grejade s\u00e5 att alla andra skulle ha kul.<\/p>\n\n\n\n<p>Skruv st\u00e5r f\u00f6r lokalen, eng\u00e5ngsartiklar&nbsp;samt kaffe och te. I \u00f6vrigt f\u00f6rv\u00e4ntas alla ta med n\u00e5got \u00e4tbart till&nbsp;knytkalaset (sm\u00e5r\u00e4tter, desserter och andra l\u00e4ckerheter). Var och en tar&nbsp;med serveringstillbeh\u00f6r till den mat som tas med \u2013 uppl\u00e4ggningsfat, bestick och liknande. M\u00f6jligheterna att v\u00e4rma mat p\u00e5 plats \u00e4r obefintliga.<\/p>\n\n\n\n<p>Obs! Inbjudan \u00e4r personlig och g\u00e4ller f\u00f6r dig, din respektive (make\/maka\/sambo)&nbsp;och eventuella barn. Antalet deltagare \u00e4r begr\u00e4nsat, s\u00e5 vi tar inte med&nbsp;andra utomst\u00e5ende, t.ex. v\u00e4nner och bekanta.<\/p>\n\n\n\n<p>Obligatorisk f\u00f6ranm\u00e4lan&nbsp;<em>senast 10&nbsp;februari.<\/em><\/p>\n\n\n\n<p>Anm\u00e4lan och ev. fr\u00e5gor till Lidia Elfstrand. N\u00e4r du anm\u00e4ler dig&nbsp;anger du namn p\u00e5 dig sj\u00e4lv och eventuellt&nbsp;s\u00e4llskap samt ber\u00e4ttar vad du t\u00e4nker bjuda p\u00e5. I \u00e4renderaden (rubriken f\u00f6r mejlet) skriver du&nbsp;<strong>19 februari<\/strong>.<\/p>\n\n\n\n<p>V\u00e4lkommen!<\/p>\n\n\n\n<p>Skruvs styrelse<\/p>\n","protected":false},"excerpt":{"rendered":"<p>V\u00e4lkommen p\u00e5 fest f\u00f6r alla aktiva i Skruv! (Personlig inbjudan skickas ut till var och en.)<\/p>\n","protected":false},"author":1,"featured_media":366947,"comment_status":"closed","ping_status":"open","sticky":false,"template":"","format":"standard","meta":{"_acf_changed":false,"_seopress_robots_primary_cat":"none","_seopress_titles_title":"","_seopress_titles_desc":"","_seopress_robots_index":"","_kad_post_transparent":"","_kad_post_title":"","_kad_post_layout":"","_kad_post_sidebar_id":"","_kad_post_content_style":"","_kad_post_vertical_padding":"","_kad_post_feature":"","_kad_post_feature_position":"","_kad_post_header":false,"_kad_post_footer":false,"_kad_post_classname":"","footnotes":""},"categories":[166],"tags":[177],"class_list":["post-366945","post","type-post","status-publish","format-standard","has-post-thumbnail","hentry","category-foreningsdemokrati","tag-tidigare"],"acf":[],"_links":{"self":[{"href":"https:\/\/skruv.nu\/uk\/wp-json\/wp\/v2\/posts\/366945","targetHints":{"allow":["GET"]}}],"collection":[{"href":"https:\/\/skruv.nu\/uk\/wp-json\/wp\/v2\/posts"}],"about":[{"href":"https:\/\/skruv.nu\/uk\/wp-json\/wp\/v2\/types\/post"}],"author":[{"embeddable":true,"href":"https:\/\/skruv.nu\/uk\/wp-json\/wp\/v2\/users\/1"}],"replies":[{"embeddable":true,"href":"https:\/\/skruv.nu\/uk\/wp-json\/wp\/v2\/comments?post=366945"}],"version-history":[{"count":1,"href":"https:\/\/skruv.nu\/uk\/wp-json\/wp\/v2\/posts\/366945\/revisions"}],"predecessor-version":[{"id":443227,"href":"https:\/\/skruv.nu\/uk\/wp-json\/wp\/v2\/posts\/366945\/revisions\/443227"}],"wp:featuredmedia":[{"embeddable":true,"href":"https:\/\/skruv.nu\/uk\/wp-json\/wp\/v2\/media\/366947"}],"wp:attachment":[{"href":"https:\/\/skruv.nu\/uk\/wp-json\/wp\/v2\/media?parent=366945"}],"wp:term":[{"taxonomy":"category","embeddable":true,"href":"https:\/\/skruv.nu\/uk\/wp-json\/wp\/v2\/categories?post=366945"},{"taxonomy":"post_tag","embeddable":true,"href":"https:\/\/skruv.nu\/uk\/wp-json\/wp\/v2\/tags?post=366945"}],"curies":[{"name":"wp","href":"https:\/\/api.w.org\/{rel}","templated":true}]}}