{"id":367865,"date":"2020-10-04T00:00:00","date_gmt":"2020-10-03T22:00:00","guid":{"rendered":"https:\/\/skruv.nu\/okategoriserad\/anmalan-oppen-for-kurser-i-ryska-med-start-i-oktober\/"},"modified":"2022-07-04T18:34:09","modified_gmt":"2022-07-04T16:34:09","slug":"anmalan-oppen-for-kurser-i-ryska-med-start-i-oktober","status":"publish","type":"post","link":"https:\/\/skruv.nu\/uk\/aktiviteter\/anmalan-oppen-for-kurser-i-ryska-med-start-i-oktober\/","title":{"rendered":"Start f\u00f6r kurser i ryska i Malm\u00f6"},"content":{"rendered":"\n<p class=\"has-background has-medium-font-size\" style=\"background-color:#f4f4f4\">Studiefr\u00e4mjandet, Ystadsgatan 53, Malm\u00f6<br\/>P\u00e5 s\u00f6ndagseftermiddagar (tid beroende p\u00e5 grupp), start 4 oktober 2020<\/p>\n\n<p>Det kommer att finnas tv\u00e5 grupper:<\/p>\n\n<ul class=\"wp-block-list\"><li>niv\u00e5 fr\u00e5n noll till l\u00e4gre medelniv\u00e5<\/li><li>medelniv\u00e5 och upp\u00e5t.<\/li><\/ul>\n\n<p>Indelningen \u00e4r prelimin\u00e4r. Slutlig indelning i grupper kommer att g\u00f6ras med utg\u00e5ngspunkt fr\u00e5n spr\u00e5kkunskaperna hos dem som anm\u00e4ler sig.<\/p>\n\n<p>Lektionerna kommer att h\u00e5llas i en v\u00e4nlig atmosf\u00e4r, dynamisk rytm, under leksamma former, och s\u00e4rskild uppm\u00e4rksamhet kommer att \u00e4gnas ryskt talspr\u00e5k.<\/p>\n\n<p>Minsta antalet deltagare i varje grupp \u00e4r 6.<\/p>\n\n<p>Vi kommer att studera en g\u00e5ng i veckan \u2013 en studietimme (45 minuter).<\/p>\n\n<p>Om l\u00e4raren: Jekaterina Jakovlevna \u00e4r journalist, redakt\u00f6r och l\u00e4rare i ryska som fr\u00e4mmande spr\u00e5k.<\/p>\n\n<p>Avgift: 500 kronor f\u00f6r 10 lektioner.<\/p>\n\n<p>Det finns ocks\u00e5 en m\u00f6jlighet att anm\u00e4la sig till individuella lektioner (efter s\u00e4rskild anm\u00e4lan).<\/p>\n\n<p>Om du \u00e4r intresserad skriver du ett meddelande till <a href=\"mailto:info@skruv.org\">info@skruv.org.<\/a> Ange f\u00f6rnamn, efternamn och spr\u00e5kkunskaper.<\/p>\n\n<p>Vi ses!<\/p>\n\n<p><em>Det h\u00e4r \u00e4r ett arrangemang av Skruv i samarbete med Studiefr\u00e4mjandet.<\/em><\/p>\n","protected":false},"excerpt":{"rendered":"<p>Vi har \u00f6ppnat nya grupper i ryska som fr\u00e4mmande spr\u00e5k f\u00f6r vuxna.<\/p>\n","protected":false},"author":1,"featured_media":367860,"comment_status":"closed","ping_status":"open","sticky":false,"template":"","format":"standard","meta":{"_acf_changed":false,"_seopress_robots_primary_cat":"","_seopress_titles_title":"","_seopress_titles_desc":"","_seopress_robots_index":"","_kad_post_transparent":"","_kad_post_title":"","_kad_post_layout":"","_kad_post_sidebar_id":"","_kad_post_content_style":"","_kad_post_vertical_padding":"","_kad_post_feature":"","_kad_post_feature_position":"","_kad_post_header":false,"_kad_post_footer":false,"_kad_post_classname":"","footnotes":""},"categories":[41,43],"tags":[222,177],"class_list":["post-367865","post","type-post","status-publish","format-standard","has-post-thumbnail","hentry","category-aktiviteter","category-kurser","tag-malmo","tag-tidigare"],"acf":[],"_links":{"self":[{"href":"https:\/\/skruv.nu\/uk\/wp-json\/wp\/v2\/posts\/367865","targetHints":{"allow":["GET"]}}],"collection":[{"href":"https:\/\/skruv.nu\/uk\/wp-json\/wp\/v2\/posts"}],"about":[{"href":"https:\/\/skruv.nu\/uk\/wp-json\/wp\/v2\/types\/post"}],"author":[{"embeddable":true,"href":"https:\/\/skruv.nu\/uk\/wp-json\/wp\/v2\/users\/1"}],"replies":[{"embeddable":true,"href":"https:\/\/skruv.nu\/uk\/wp-json\/wp\/v2\/comments?post=367865"}],"version-history":[{"count":0,"href":"https:\/\/skruv.nu\/uk\/wp-json\/wp\/v2\/posts\/367865\/revisions"}],"wp:featuredmedia":[{"embeddable":true,"href":"https:\/\/skruv.nu\/uk\/wp-json\/wp\/v2\/media\/367860"}],"wp:attachment":[{"href":"https:\/\/skruv.nu\/uk\/wp-json\/wp\/v2\/media?parent=367865"}],"wp:term":[{"taxonomy":"category","embeddable":true,"href":"https:\/\/skruv.nu\/uk\/wp-json\/wp\/v2\/categories?post=367865"},{"taxonomy":"post_tag","embeddable":true,"href":"https:\/\/skruv.nu\/uk\/wp-json\/wp\/v2\/tags?post=367865"}],"curies":[{"name":"wp","href":"https:\/\/api.w.org\/{rel}","templated":true}]}}