{"id":367979,"date":"2009-04-05T13:00:28","date_gmt":"2009-04-05T11:00:28","guid":{"rendered":"https:\/\/skruv.nu\/?p=367979"},"modified":"2021-04-06T10:59:20","modified_gmt":"2021-04-06T08:59:20","slug":"skruvkafe-i-malmo-skrattdagen","status":"publish","type":"post","link":"https:\/\/skruv.nu\/uk\/aktiviteter\/skruvkafe-i-malmo-skrattdagen\/","title":{"rendered":"Skruvkaf\u00e9 i Malm\u00f6: Skrattdagen"},"content":{"rendered":"\n<p class=\"has-background has-medium-font-size\" style=\"background-color:#f4f4f4\">Loftet, Hedmanska g\u00e5rden (Lilla torg 9) i Malm\u00f6<br>S\u00f6ndag 5 april 2009 kl 13.00\u201316.00<\/p>\n\n\n\n<p>Obs! Efter \u00f6nskem\u00e5l fr\u00e5n medlemmarna ordnar vi detta Skruvkaf\u00e9 i en rymligare lokal \u00e4n tidigare. D\u00e5 lokalen \u00e4r upptagen sent p\u00e5 eftermiddagen, inneb\u00e4r det att vi b\u00f6rjar n\u00e5got tidigare.<\/p>\n\n\n\n<p>G\u00e5 in p\u00e5 Hedmanska g\u00e5rden genom stora porten, sedan till h\u00f6ger. Bakom en gr\u00f6n d\u00f6rr m\u00e4rkt &#8220;Loftet&#8221; g\u00e5r man uppf\u00f6r en tr\u00e4trappa till andra v\u00e5ningen. Ingen hiss.<\/p>\n\n\n\n<p>Stadsbussar: h\u00e5llplats Gustav Adolfs torg eller Malm\u00f6 C. Regionbussar och t\u00e5g: h\u00e5llplats Malm\u00f6 C.<\/p>\n\n\n\n<p>Entr\u00e9: 30 kr f\u00f6r medlemmar, 60 kr f\u00f6r icke-medlemmar, barn under 12 \u00e5r gratis. F\u00f6rt\u00e4ring ing\u00e5r. Medlemskap kan l\u00f6sas i samband med Skruvkaf\u00e9et.<\/p>\n\n\n\n<p><em>Detta \u00e4r ett arrangemang av Skruv i samarbete med ABF.<\/em><br><em>Id\u00e9: Skruvs styrelse.<\/em><br><em>Planering: Skruvs styrelse.<br>Lokal tillhandah\u00e5lls av: ABF Malm\u00f6.<br>Iordningsst\u00e4llande\/\u00e5terst\u00e4llande av lokal: Skruvs styrelse + eventuella medhj\u00e4lpare.<br>Layout och marknadsf\u00f6ring: Niklas B\u00f6nnemark.<\/em><br><em>Svensk text i inbjudan: Niklas B\u00f6nnemark med hj\u00e4lp av Skruvs styrelse.<\/em><br><em>Fotodokumentation: Nuria B\u00f6nnemark, Regina Miftakhova.<\/em><\/p>\n","protected":false},"excerpt":{"rendered":"<p>P\u00e5 april m\u00e5nads Skruvkaf\u00e9 i Malm\u00f6 ber\u00e4ttar vi roliga historier p\u00e5 svenska och ryska, och Sara Gradlander ger oss en snabbkurs i skratt. Detta med anledning av att det nyligen varit f\u00f6rsta april, bland rysktalande \u00e4ven k\u00e4nd som Skrattdagen. Skruv bjuder p\u00e5 l\u00e4ttare f\u00f6rt\u00e4ring.<\/p>\n","protected":false},"author":1,"featured_media":367981,"comment_status":"closed","ping_status":"open","sticky":false,"template":"","format":"standard","meta":{"_acf_changed":false,"_seopress_robots_primary_cat":"none","_seopress_titles_title":"","_seopress_titles_desc":"","_seopress_robots_index":"","_kad_post_transparent":"","_kad_post_title":"","_kad_post_layout":"","_kad_post_sidebar_id":"","_kad_post_content_style":"","_kad_post_vertical_padding":"","_kad_post_feature":"","_kad_post_feature_position":"","_kad_post_header":false,"_kad_post_footer":false,"_kad_post_classname":"","footnotes":""},"categories":[41,67],"tags":[222,177],"class_list":["post-367979","post","type-post","status-publish","format-standard","has-post-thumbnail","hentry","category-aktiviteter","category-kafe","tag-malmo","tag-tidigare"],"acf":[],"_links":{"self":[{"href":"https:\/\/skruv.nu\/uk\/wp-json\/wp\/v2\/posts\/367979","targetHints":{"allow":["GET"]}}],"collection":[{"href":"https:\/\/skruv.nu\/uk\/wp-json\/wp\/v2\/posts"}],"about":[{"href":"https:\/\/skruv.nu\/uk\/wp-json\/wp\/v2\/types\/post"}],"author":[{"embeddable":true,"href":"https:\/\/skruv.nu\/uk\/wp-json\/wp\/v2\/users\/1"}],"replies":[{"embeddable":true,"href":"https:\/\/skruv.nu\/uk\/wp-json\/wp\/v2\/comments?post=367979"}],"version-history":[{"count":0,"href":"https:\/\/skruv.nu\/uk\/wp-json\/wp\/v2\/posts\/367979\/revisions"}],"wp:featuredmedia":[{"embeddable":true,"href":"https:\/\/skruv.nu\/uk\/wp-json\/wp\/v2\/media\/367981"}],"wp:attachment":[{"href":"https:\/\/skruv.nu\/uk\/wp-json\/wp\/v2\/media?parent=367979"}],"wp:term":[{"taxonomy":"category","embeddable":true,"href":"https:\/\/skruv.nu\/uk\/wp-json\/wp\/v2\/categories?post=367979"},{"taxonomy":"post_tag","embeddable":true,"href":"https:\/\/skruv.nu\/uk\/wp-json\/wp\/v2\/tags?post=367979"}],"curies":[{"name":"wp","href":"https:\/\/api.w.org\/{rel}","templated":true}]}}