{"id":370840,"date":"2011-03-12T00:00:01","date_gmt":"2011-03-11T23:00:01","guid":{"rendered":"https:\/\/skruv.nu\/?p=370840"},"modified":"2025-01-22T11:44:12","modified_gmt":"2025-01-22T10:44:12","slug":"skruvkafe-i-malmo-internationella-kvinnodagen","status":"publish","type":"post","link":"https:\/\/skruv.nu\/uk\/aktiviteter\/skruvkafe-i-malmo-internationella-kvinnodagen\/","title":{"rendered":"Skruvkaf\u00e9 i Malm\u00f6: Internationella kvinnodagen"},"content":{"rendered":"\n<p class=\"has-theme-palette-7-background-color has-background has-medium-font-size\">Ungdomens hus, Torpgatan 21, Malm\u00f6<br>L\u00f6rdag 12 mars 2011 kl 15.00\u2013ca 18.00<\/p>\n\n\n\n<p>Valeri Redel ger oss en kort expos\u00e9 \u00f6ver historien kring firandet av 8 mars, internationella kvinnodagen.<\/p>\n\n\n\n<p>Det blir knytkalas, s\u00e5 alla uppmanas att ta med sig sina favoritr\u00e4tter (det finns ingen m\u00f6jlighet att v\u00e4rma mat p\u00e5 plats!) och, om s\u00e5 \u00f6nskas, drycker.<\/p>\n\n\n\n<p>Som vanligt bjuder Skruv p\u00e5 kaffe, te och tilltugg.<\/p>\n\n\n\n<p>F\u00f6redragsspr\u00e5k: svenska. Ryska \u00f6vers\u00e4ttningar kommer att finnas tillg\u00e4ngliga.<\/p>\n\n\n\n<p>Entr\u00e9: Gratis f\u00f6r alla som tar med sig mat. 30 kr f\u00f6r medlemmar i Skruv, 60 kr f\u00f6r icke-medlemmar. I entr\u00e9avgiften ing\u00e5r kaffe, te och l\u00e4ttare f\u00f6rt\u00e4ring. Det g\u00e5r bra att l\u00f6sa medlemskap i samband med Skruvkaf\u00e9et.<\/p>\n\n\n\n<p>Obs! Anm\u00e4lan kr\u00e4vs till Sara Gradlander p\u00e5 telefon eller e-post. I anm\u00e4lan anger du namn p\u00e5 dig sj\u00e4lv och eventuellt s\u00e4llskap samt ber\u00e4ttar vad du t\u00e4nker bjuda p\u00e5.<\/p>\n\n\n\n<p><em>Detta \u00e4r ett arrangemang av Skruv i samarbete med ABF Malm\u00f6.<br>Id\u00e9, planering och genomf\u00f6rande: Skruvs styrelse och Valeri Redel.<br>F\u00f6redrag: Valeri Redel.<br>Lokal tillhandah\u00e5lls av: ABF Malm\u00f6.<br>Anm\u00e4lningar: Sara Gradlander.<br>Lokalbokning: Lidia Elfstrand.<br>Iordningsst\u00e4llande\/\u00e5terst\u00e4llande av lokal: deltagarna.<br>Rysk text i inbjudan: Skruvs styrelse.<br>\u00d6vers\u00e4ttning av inbjudan till svenska: Niklas B\u00f6nnemark.<br>Layout och marknadsf\u00f6ring: Niklas B\u00f6nnemark.<br>Utskick p\u00e5 papper till e-postl\u00f6sa medlemmar: Ulf Pauli.<\/em><\/p>\n","protected":false},"excerpt":{"rendered":"<p>L\u00f6rdagen den 12 mars ordnas ett Skruvkaf\u00e9 p\u00e5 Ungdomens hus i Malm\u00f6. Obs! Obligatorisk anm\u00e4lan, se nedan.<\/p>\n","protected":false},"author":1,"featured_media":370844,"comment_status":"closed","ping_status":"open","sticky":false,"template":"","format":"standard","meta":{"_acf_changed":false,"_seopress_robots_primary_cat":"none","_seopress_titles_title":"","_seopress_titles_desc":"","_seopress_robots_index":"","_kad_post_transparent":"","_kad_post_title":"","_kad_post_layout":"","_kad_post_sidebar_id":"","_kad_post_content_style":"","_kad_post_vertical_padding":"","_kad_post_feature":"","_kad_post_feature_position":"","_kad_post_header":false,"_kad_post_footer":false,"_kad_post_classname":"","footnotes":""},"categories":[41,67],"tags":[222,177],"class_list":["post-370840","post","type-post","status-publish","format-standard","has-post-thumbnail","hentry","category-aktiviteter","category-kafe","tag-malmo","tag-tidigare"],"acf":[],"_links":{"self":[{"href":"https:\/\/skruv.nu\/uk\/wp-json\/wp\/v2\/posts\/370840","targetHints":{"allow":["GET"]}}],"collection":[{"href":"https:\/\/skruv.nu\/uk\/wp-json\/wp\/v2\/posts"}],"about":[{"href":"https:\/\/skruv.nu\/uk\/wp-json\/wp\/v2\/types\/post"}],"author":[{"embeddable":true,"href":"https:\/\/skruv.nu\/uk\/wp-json\/wp\/v2\/users\/1"}],"replies":[{"embeddable":true,"href":"https:\/\/skruv.nu\/uk\/wp-json\/wp\/v2\/comments?post=370840"}],"version-history":[{"count":1,"href":"https:\/\/skruv.nu\/uk\/wp-json\/wp\/v2\/posts\/370840\/revisions"}],"predecessor-version":[{"id":446368,"href":"https:\/\/skruv.nu\/uk\/wp-json\/wp\/v2\/posts\/370840\/revisions\/446368"}],"wp:featuredmedia":[{"embeddable":true,"href":"https:\/\/skruv.nu\/uk\/wp-json\/wp\/v2\/media\/370844"}],"wp:attachment":[{"href":"https:\/\/skruv.nu\/uk\/wp-json\/wp\/v2\/media?parent=370840"}],"wp:term":[{"taxonomy":"category","embeddable":true,"href":"https:\/\/skruv.nu\/uk\/wp-json\/wp\/v2\/categories?post=370840"},{"taxonomy":"post_tag","embeddable":true,"href":"https:\/\/skruv.nu\/uk\/wp-json\/wp\/v2\/tags?post=370840"}],"curies":[{"name":"wp","href":"https:\/\/api.w.org\/{rel}","templated":true}]}}