{"id":370907,"date":"2010-02-13T00:00:53","date_gmt":"2010-02-12T23:00:53","guid":{"rendered":"https:\/\/skruv.nu\/?p=370907"},"modified":"2022-02-12T19:35:47","modified_gmt":"2022-02-12T18:35:47","slug":"skruvkafe-i-malmo-det-bysantinska-arvet-fastlagen-alla-hjartans-dag","status":"publish","type":"post","link":"https:\/\/skruv.nu\/uk\/aktiviteter\/skruvkafe-i-malmo-det-bysantinska-arvet-fastlagen-alla-hjartans-dag\/","title":{"rendered":"Skruvkaf\u00e9 i Malm\u00f6: det bysantinska arvet + fastlagen + Alla hj\u00e4rtans dag"},"content":{"rendered":"\n<p class=\"has-background has-medium-font-size\" style=\"background-color:#f4f4f4\">Ungdomens hus, Torpgatan 21, Malm\u00f6<br>L\u00f6rdag 13 februari 2010 kl 14.00\u2013ca 19.30<\/p>\n\n\n\n<p>Efter f\u00f6redraget blir det tid f\u00f6r umg\u00e4nge, kaffe\/te, musik, s\u00e5ng och dans. Vi kommer att fira maslenitsa (fastlagen) och Alla hj\u00e4rtans dag.<\/p>\n\n\n\n<p>Ta g\u00e4rna med pannkakor, pl\u00e4ttar, blinier eller cr\u00eapes av alla de slag, s\u00e5 vi alla f\u00e5r chans att k\u00e4nna smaken av den ryska fastlagen maslenitsa, d\u00e5 man gr\u00e4ddar och \u00e4ter pannkakor! Publikens favorit kommer att utses genom omr\u00f6stning (d\u00e4r juryn best\u00e5r av alla n\u00e4rvarande) och bel\u00f6nas med en g\u00e5va av stort v\u00e4rde f\u00f6r matglada! Andra och tredje plats kommer ocks\u00e5 att f\u00e5 pris.<\/p>\n\n\n\n<p>Vill du l\u00e4sa upp din favoritdikt om k\u00e4rlek? P\u00e5 svenska, ryska, ukrainska, vitryska eller engelska? Alla som vill kommer att f\u00e5 m\u00f6jlighet att g\u00f6ra det.<\/p>\n\n\n\n<p>Entr\u00e9 inkl. kaffe\/te, l\u00e4ttare f\u00f6rt\u00e4ring och hembakat: 30 kr f\u00f6r medlemmar i Skruv, 60 kr f\u00f6r icke-medlemmar. Det g\u00e5r bra att l\u00f6sa medlemskap i samband med Skruvkaf\u00e9et.<\/p>\n\n\n\n<p><em>Detta \u00e4r ett Skruvarrangemang i samarbete med ABF Malm\u00f6.<br>Id\u00e9: Skruvs styrelse.<br>Planering och genomf\u00f6rande: Lidia Elfstrand, Tatiana Johansson, Sara Gradlander, Valentina J\u00f6nsson, Tanja Wallenberg.<br>Lokal tillhandah\u00e5lls av: ABF Malm\u00f6.<br>Iordningsst\u00e4llande\/\u00e5terst\u00e4llande av lokal: deltagarna.<br>Rysk text i inbjudan: Lidia Elfstrand, Tatiana Johansson.<br>\u00d6vers\u00e4ttning av inbjudan till svenska: Niklas B\u00f6nnemark.<br>Layout och marknadsf\u00f6ring: Niklas B\u00f6nnemark.<\/em><\/p>\n\n\n\n<h2 class=\"wp-block-heading\" id=\"mingelbilder-tagna-av-tatiana-moroza\">Mingelbilder tagna av Tatiana Moroza<\/h2>\n\n\n\n<figure class=\"wp-block-gallery has-nested-images columns-2 is-cropped wp-block-gallery-2 is-layout-flex wp-block-gallery-is-layout-flex\">\n<figure class=\"wp-block-image size-full\"><a href=\"https:\/\/skruv.nu\/wp-content\/uploads\/2020\/12\/img_6396_b800-1.jpg\"><img fetchpriority=\"high\" decoding=\"async\" width=\"800\" height=\"534\" data-id=\"370913\" src=\"https:\/\/skruv.nu\/wp-content\/uploads\/2020\/12\/img_6396_b800-1.jpg\" alt=\"\" class=\"wp-image-370913\" srcset=\"https:\/\/skruv.nu\/wp-content\/uploads\/2020\/12\/img_6396_b800-1.jpg 800w, https:\/\/skruv.nu\/wp-content\/uploads\/2020\/12\/img_6396_b800-1-300x200.jpg 300w, https:\/\/skruv.nu\/wp-content\/uploads\/2020\/12\/img_6396_b800-1-150x100.jpg 150w, https:\/\/skruv.nu\/wp-content\/uploads\/2020\/12\/img_6396_b800-1-768x513.jpg 768w\" sizes=\"(max-width: 800px) 100vw, 800px\" \/><\/a><\/figure>\n\n\n\n<figure class=\"wp-block-image size-full\"><a href=\"https:\/\/skruv.nu\/wp-content\/uploads\/2020\/12\/img_6421_b800.jpg\"><img decoding=\"async\" width=\"800\" height=\"534\" data-id=\"370915\" src=\"https:\/\/skruv.nu\/wp-content\/uploads\/2020\/12\/img_6421_b800.jpg\" alt=\"\" class=\"wp-image-370915\" srcset=\"https:\/\/skruv.nu\/wp-content\/uploads\/2020\/12\/img_6421_b800.jpg 800w, https:\/\/skruv.nu\/wp-content\/uploads\/2020\/12\/img_6421_b800-300x200.jpg 300w, https:\/\/skruv.nu\/wp-content\/uploads\/2020\/12\/img_6421_b800-150x100.jpg 150w, https:\/\/skruv.nu\/wp-content\/uploads\/2020\/12\/img_6421_b800-768x513.jpg 768w\" sizes=\"(max-width: 800px) 100vw, 800px\" \/><\/a><\/figure>\n\n\n\n<figure class=\"wp-block-image size-full\"><a href=\"https:\/\/skruv.nu\/wp-content\/uploads\/2020\/12\/img_6425_b800.jpg\"><img decoding=\"async\" width=\"800\" height=\"534\" data-id=\"370917\" src=\"https:\/\/skruv.nu\/wp-content\/uploads\/2020\/12\/img_6425_b800.jpg\" alt=\"\" class=\"wp-image-370917\" srcset=\"https:\/\/skruv.nu\/wp-content\/uploads\/2020\/12\/img_6425_b800.jpg 800w, https:\/\/skruv.nu\/wp-content\/uploads\/2020\/12\/img_6425_b800-300x200.jpg 300w, https:\/\/skruv.nu\/wp-content\/uploads\/2020\/12\/img_6425_b800-150x100.jpg 150w, https:\/\/skruv.nu\/wp-content\/uploads\/2020\/12\/img_6425_b800-768x513.jpg 768w\" sizes=\"(max-width: 800px) 100vw, 800px\" \/><\/a><\/figure>\n<\/figure>\n","protected":false},"excerpt":{"rendered":"<p>L\u00f6rdagen den 13 februari samlas vi till \u00e4nnu ett Skruvkaf\u00e9. Ulf Pauli ber\u00e4ttar om &#8220;Rysslands, Ukrainas och Vitrysslands bysantinska arv&#8221;. Hur kommer det sig att Europa \u00e4r uppdelat i \u00f6st och v\u00e4st, inte bara rent geografiskt?<\/p>\n","protected":false},"author":1,"featured_media":370909,"comment_status":"closed","ping_status":"open","sticky":false,"template":"","format":"standard","meta":{"_acf_changed":false,"_seopress_robots_primary_cat":"none","_seopress_titles_title":"","_seopress_titles_desc":"","_seopress_robots_index":"","_kad_post_transparent":"","_kad_post_title":"","_kad_post_layout":"","_kad_post_sidebar_id":"","_kad_post_content_style":"","_kad_post_vertical_padding":"","_kad_post_feature":"","_kad_post_feature_position":"","_kad_post_header":false,"_kad_post_footer":false,"_kad_post_classname":"","footnotes":""},"categories":[41,67],"tags":[222,177],"class_list":["post-370907","post","type-post","status-publish","format-standard","has-post-thumbnail","hentry","category-aktiviteter","category-kafe","tag-malmo","tag-tidigare"],"acf":[],"_links":{"self":[{"href":"https:\/\/skruv.nu\/uk\/wp-json\/wp\/v2\/posts\/370907","targetHints":{"allow":["GET"]}}],"collection":[{"href":"https:\/\/skruv.nu\/uk\/wp-json\/wp\/v2\/posts"}],"about":[{"href":"https:\/\/skruv.nu\/uk\/wp-json\/wp\/v2\/types\/post"}],"author":[{"embeddable":true,"href":"https:\/\/skruv.nu\/uk\/wp-json\/wp\/v2\/users\/1"}],"replies":[{"embeddable":true,"href":"https:\/\/skruv.nu\/uk\/wp-json\/wp\/v2\/comments?post=370907"}],"version-history":[{"count":0,"href":"https:\/\/skruv.nu\/uk\/wp-json\/wp\/v2\/posts\/370907\/revisions"}],"wp:featuredmedia":[{"embeddable":true,"href":"https:\/\/skruv.nu\/uk\/wp-json\/wp\/v2\/media\/370909"}],"wp:attachment":[{"href":"https:\/\/skruv.nu\/uk\/wp-json\/wp\/v2\/media?parent=370907"}],"wp:term":[{"taxonomy":"category","embeddable":true,"href":"https:\/\/skruv.nu\/uk\/wp-json\/wp\/v2\/categories?post=370907"},{"taxonomy":"post_tag","embeddable":true,"href":"https:\/\/skruv.nu\/uk\/wp-json\/wp\/v2\/tags?post=370907"}],"curies":[{"name":"wp","href":"https:\/\/api.w.org\/{rel}","templated":true}]}}