{"id":371261,"date":"2016-08-28T00:00:00","date_gmt":"2016-08-27T22:00:00","guid":{"rendered":"https:\/\/skruv.nu\/okategoriserad\/lasarsstart-pa-barnverksamheten-2\/"},"modified":"2022-09-25T11:02:33","modified_gmt":"2022-09-25T09:02:33","slug":"lasarsstart-pa-barnverksamheten-2","status":"publish","type":"post","link":"https:\/\/skruv.nu\/uk\/aktiviteter\/barn\/barn-malmo\/lasarsstart-pa-barnverksamheten-2\/","title":{"rendered":"L\u00e4s\u00e5rsstart p\u00e5 barnverksamheten i Malm\u00f6"},"content":{"rendered":"\n<p class=\"has-bakgrund-background-color has-background has-medium-font-size\">ABF, Sp\u00e5nehusv\u00e4gen 47, Malm\u00f6<br\/>S\u00f6ndag 28 augusti 2016 kl 10.00<\/p>\n\n<p>Den h\u00e4r dagen v\u00e4ntar barnen i grupperna Berjozka, Veterok, Rutjejok och Kolosok ett speciellt h\u00f6gtidligt program.<\/p>\n\n<p>Observera att en rysktalande f\u00f6r\u00e4lder m\u00e5ste vara med under hela dagen.<\/p>\n\n<p>10.00 H\u00f6gtidlig invigning av det nya l\u00e4s\u00e5ret (rum 302)<\/p>\n\n<p>10.30 Barnen har lektioner i grupper. F\u00f6r\u00e4ldrarna stannar kvar i rum 302 (kort gemensamt f\u00f6r\u00e4ldram\u00f6te)<\/p>\n\n<p>11.10 Alla barnen \u00e4r v\u00e4lkomna till skapande verkstad. F\u00f6r\u00e4ldrarna tr\u00e4ffar huvudledaren i den grupp d\u00e4r respektive barn g\u00e5r.<\/p>\n","protected":false},"excerpt":{"rendered":"<p>S\u00f6ndagen den 28 augusti inleder vi ett nytt l\u00e4s\u00e5r p\u00e5 v\u00e5r barnverksamhet.<\/p>\n","protected":false},"author":1,"featured_media":371259,"comment_status":"closed","ping_status":"open","sticky":false,"template":"","format":"standard","meta":{"_acf_changed":false,"_seopress_robots_primary_cat":"none","_seopress_titles_title":"","_seopress_titles_desc":"","_seopress_robots_index":"","_kad_post_transparent":"","_kad_post_title":"","_kad_post_layout":"","_kad_post_sidebar_id":"","_kad_post_content_style":"","_kad_post_vertical_padding":"","_kad_post_feature":"","_kad_post_feature_position":"","_kad_post_header":false,"_kad_post_footer":false,"_kad_post_classname":"","footnotes":""},"categories":[41,32],"tags":[177],"class_list":["post-371261","post","type-post","status-publish","format-standard","has-post-thumbnail","hentry","category-aktiviteter","category-barn-malmo","tag-tidigare"],"acf":[],"_links":{"self":[{"href":"https:\/\/skruv.nu\/uk\/wp-json\/wp\/v2\/posts\/371261","targetHints":{"allow":["GET"]}}],"collection":[{"href":"https:\/\/skruv.nu\/uk\/wp-json\/wp\/v2\/posts"}],"about":[{"href":"https:\/\/skruv.nu\/uk\/wp-json\/wp\/v2\/types\/post"}],"author":[{"embeddable":true,"href":"https:\/\/skruv.nu\/uk\/wp-json\/wp\/v2\/users\/1"}],"replies":[{"embeddable":true,"href":"https:\/\/skruv.nu\/uk\/wp-json\/wp\/v2\/comments?post=371261"}],"version-history":[{"count":0,"href":"https:\/\/skruv.nu\/uk\/wp-json\/wp\/v2\/posts\/371261\/revisions"}],"wp:featuredmedia":[{"embeddable":true,"href":"https:\/\/skruv.nu\/uk\/wp-json\/wp\/v2\/media\/371259"}],"wp:attachment":[{"href":"https:\/\/skruv.nu\/uk\/wp-json\/wp\/v2\/media?parent=371261"}],"wp:term":[{"taxonomy":"category","embeddable":true,"href":"https:\/\/skruv.nu\/uk\/wp-json\/wp\/v2\/categories?post=371261"},{"taxonomy":"post_tag","embeddable":true,"href":"https:\/\/skruv.nu\/uk\/wp-json\/wp\/v2\/tags?post=371261"}],"curies":[{"name":"wp","href":"https:\/\/api.w.org\/{rel}","templated":true}]}}