{"id":371694,"date":"2015-09-12T00:00:00","date_gmt":"2015-09-11T22:00:00","guid":{"rendered":"https:\/\/skruv.nu\/?p=371694"},"modified":"2024-04-05T15:28:14","modified_gmt":"2024-04-05T13:28:14","slug":"skruvkafe-tema-neece-linnebla","status":"publish","type":"post","link":"https:\/\/skruv.nu\/uk\/aktiviteter\/skruvkafe-tema-neece-linnebla\/","title":{"rendered":"Skruvkaf\u00e9 i Malm\u00f6: NEECE Linnebl\u00e5"},"content":{"rendered":"\n<p class=\"has-theme-palette-7-background-color has-background has-medium-font-size\">Sal 4, Ungdomens hus, Norra Skolgatan 10 b, Malm\u00f6<br>L\u00f6rdag 12 september 2015 kl 11.00\u201314.00<\/p>\n\n\n\n<p>Nu planeras en ny omg\u00e5ng, och p\u00e5 l\u00f6rdag finns det m\u00f6jlighet att anm\u00e4la sitt intresse f\u00f6r att vara med. S\u00e5 h\u00e4r beskriver projektledaren Tania Bauder projektet:<\/p>\n\n\n\n<div class=\"wp-block-group has-theme-palette-7-background-color has-background is-layout-constrained wp-block-group-is-layout-constrained\">\n<p>Inom projektet utforskade vi drivkrafterna, arbetsprocessen och utmaningarna bakom flera m\u00e4nniskors gemensamma vilja att ta ett steg ut i det ok\u00e4nda, f\u00f6r att \u00e5stadkomma en f\u00f6r\u00e4ndring i sin n\u00e4ra omgivning.<\/p>\n\n\n\n<p>Flummigt, va? Ja, den h\u00e4r flummigheten pl\u00e5gade deltagarna under hela projektets g\u00e5ng och st\u00e4llde till det rej\u00e4lt f\u00f6r projektgruppen, b\u00e5de n\u00e4r vi s\u00f6kte st\u00f6d och n\u00e4r vi skulle samarbeta med andra organisationer. Vi hade ingen tydlig utmaning, och inget behov, och inte n\u00e5gon best\u00e4llning heller f\u00f6r den delen \u2013 som i vilket annat \u201dnormalt\u201d projekt som helst. Det enda vi hade var ett antagande att det finns en del m\u00e4nniskor som, till skillnad fr\u00e5n vilka andra \u201dnormala\u201d som helst, medvetet skulle kunna v\u00e4lja bort de f\u00f6ruts\u00e4gbara rutinerna och engagera sig i uppbyggnaden av nya \u2013 hittills ok\u00e4nda \u2013 f\u00f6ruts\u00e4ttningar f\u00f6r sin gemensamma verksamhet, under verksamhetens g\u00e5ng. Lite grann som att bygga r\u00e4lsen framf\u00f6r ett rusande t\u00e5g.<\/p>\n\n\n\n<p>I m\u00e5nga fall kallas s\u00e5dana m\u00e4nniskor f\u00f6r sociala entrepren\u00f6rer; d\u00e5 oftast i n\u00e5got specifikt lokalt sammanhang. Vi tog ut begreppet p\u00e5 det interkulturella och interkompetenta planet, d\u00e4r ingens agenda eller erfarenhet skulle ha en mer framtr\u00e4dande roll \u00e4n de andras. S\u00e5vitt vi vet hade ingen gjort detta tidigare\u2026 men vi vet nog inte allt.<\/p>\n\n\n\n<p>En genomg\u00e5ende id\u00e9 var att bara f\u00e5 en grupp hittills ok\u00e4nda m\u00e4nniskor att b\u00f6rja samverka, och ge dem en grund att st\u00e5 p\u00e5 i deras samverkan, men inte n\u00e5gra krav p\u00e5 prestation, f\u00f6rv\u00e4ntningar p\u00e5 slutresultat eller m\u00e5tt av engagemang. Tanken var sedan att se om en gemensam skapandeprocess \u00e4r m\u00f6jlig samt vad blir det f\u00f6r resultat (om det nu skulle bli n\u00e5got). Det uppenbara resultatet, den gemensamma kulturprodukten, blev en film p\u00e5 25 minuter, men filmen var inte m\u00e5let i sig, utan vi var ute efter en process som skulle leda till denna slutliga produkt. Och nu \u00e4r vi klara. Nu har vi en massa l\u00e4rdomar fr\u00e5n processen, och en film till p\u00e5 k\u00f6pet!<\/p>\n<\/div>\n\n\n\n<p>Tr\u00e4ffen b\u00f6rjar med en presentation av projektet NEECE Linnebl\u00e5 och visning av en kortfilm som skapades inom projektet. Fram till kl 12.00 finns det \u00e4ven utrymme f\u00f6r fr\u00e5gor och anm\u00e4lan av intresse f\u00f6r deltagande i n\u00e4sta \u00e5rs internationella kulturprojekt f\u00f6r unga m\u00e4nniskor. Sedan serveras l\u00e4ttare f\u00f6rt\u00e4ring och g\u00e4sterna \u00e4r v\u00e4lkomna att njuta av varandras s\u00e4llskap i samtal och diskussioner.<\/p>\n\n\n\n<p>Entr\u00e9: 40 kr (20 kr f\u00f6r medlemmar). I entr\u00e9avgiften ing\u00e5r kaffe\/te och l\u00e4ttare f\u00f6rt\u00e4ring. Det g\u00e5r att l\u00f6sa medlemskap i samband med Skruvkaf\u00e9et.<\/p>\n\n\n\n<p>Observera tid och plats \u2013 start 11.00 i sal 4. Alla \u00e4r varmt v\u00e4lkomna!<\/p>\n\n\n\n<p><em>Skruvkaf\u00e9et \u00e4r ett arrangemang av Skruv i samarbete med ABF Malm\u00f6.<br>Ansvariga f\u00f6r detta Skruvkaf\u00e9 \u00e4r Tania Bauder och Ulf Pauli.<\/em><\/p>\n","protected":false},"excerpt":{"rendered":"<p>Skruv ordnar ett Skruvkaf\u00e9 med en presentation av NEECE Linnebl\u00e5, ett internationellt kulturprojekt som Skruv har deltagit i under flera \u00e5r och vars senaste omg\u00e5ng avrundades i v\u00e5ras.<\/p>\n","protected":false},"author":1,"featured_media":440731,"comment_status":"closed","ping_status":"open","sticky":false,"template":"","format":"standard","meta":{"_acf_changed":false,"_seopress_robots_primary_cat":"none","_seopress_titles_title":"","_seopress_titles_desc":"","_seopress_robots_index":"","_kad_post_transparent":"","_kad_post_title":"","_kad_post_layout":"","_kad_post_sidebar_id":"","_kad_post_content_style":"","_kad_post_vertical_padding":"","_kad_post_feature":"","_kad_post_feature_position":"","_kad_post_header":false,"_kad_post_footer":false,"_kad_post_classname":"","footnotes":""},"categories":[41,67],"tags":[222,177],"class_list":["post-371694","post","type-post","status-publish","format-standard","has-post-thumbnail","hentry","category-aktiviteter","category-kafe","tag-malmo","tag-tidigare"],"acf":[],"_links":{"self":[{"href":"https:\/\/skruv.nu\/uk\/wp-json\/wp\/v2\/posts\/371694","targetHints":{"allow":["GET"]}}],"collection":[{"href":"https:\/\/skruv.nu\/uk\/wp-json\/wp\/v2\/posts"}],"about":[{"href":"https:\/\/skruv.nu\/uk\/wp-json\/wp\/v2\/types\/post"}],"author":[{"embeddable":true,"href":"https:\/\/skruv.nu\/uk\/wp-json\/wp\/v2\/users\/1"}],"replies":[{"embeddable":true,"href":"https:\/\/skruv.nu\/uk\/wp-json\/wp\/v2\/comments?post=371694"}],"version-history":[{"count":0,"href":"https:\/\/skruv.nu\/uk\/wp-json\/wp\/v2\/posts\/371694\/revisions"}],"wp:featuredmedia":[{"embeddable":true,"href":"https:\/\/skruv.nu\/uk\/wp-json\/wp\/v2\/media\/440731"}],"wp:attachment":[{"href":"https:\/\/skruv.nu\/uk\/wp-json\/wp\/v2\/media?parent=371694"}],"wp:term":[{"taxonomy":"category","embeddable":true,"href":"https:\/\/skruv.nu\/uk\/wp-json\/wp\/v2\/categories?post=371694"},{"taxonomy":"post_tag","embeddable":true,"href":"https:\/\/skruv.nu\/uk\/wp-json\/wp\/v2\/tags?post=371694"}],"curies":[{"name":"wp","href":"https:\/\/api.w.org\/{rel}","templated":true}]}}