{"id":371756,"date":"2016-05-28T00:00:00","date_gmt":"2016-05-27T22:00:00","guid":{"rendered":"https:\/\/skruv.nu\/?p=371756"},"modified":"2023-08-21T11:33:12","modified_gmt":"2023-08-21T09:33:12","slug":"framtradande-av-skruvs-sang-och-dansgrupper-i-malmo","status":"publish","type":"post","link":"https:\/\/skruv.nu\/uk\/aktiviteter\/framtradande-av-skruvs-sang-och-dansgrupper-i-malmo\/","title":{"rendered":"Framtr\u00e4dande av Skruvs s\u00e5ng- och dansgrupper i Malm\u00f6"},"content":{"rendered":"\n<p class=\"has-theme-palette-7-background-color has-background has-medium-font-size\">Folkets park, Malm\u00f6<br>L\u00f6rdag 28 maj 2016<\/p>\n\n\n\n<p>Festivalen arrangeras av studentk\u00e5ren p\u00e5 Malm\u00f6 h\u00f6gskola.<\/p>\n\n\n\n<figure class=\"wp-block-image size-full\"><img fetchpriority=\"high\" decoding=\"async\" width=\"1140\" height=\"500\" src=\"https:\/\/skruv.nu\/wp-content\/uploads\/2020\/12\/dsc_0262_foto-niklas-bonnemark_1140x500.jpg\" alt=\"dansare som upptr\u00e4der p\u00e5 en scen i ryskinspirerade dr\u00e4kter\" class=\"wp-image-371763\" srcset=\"https:\/\/skruv.nu\/wp-content\/uploads\/2020\/12\/dsc_0262_foto-niklas-bonnemark_1140x500.jpg 1140w, https:\/\/skruv.nu\/wp-content\/uploads\/2020\/12\/dsc_0262_foto-niklas-bonnemark_1140x500-300x132.jpg 300w, https:\/\/skruv.nu\/wp-content\/uploads\/2020\/12\/dsc_0262_foto-niklas-bonnemark_1140x500-1024x449.jpg 1024w, https:\/\/skruv.nu\/wp-content\/uploads\/2020\/12\/dsc_0262_foto-niklas-bonnemark_1140x500-150x66.jpg 150w, https:\/\/skruv.nu\/wp-content\/uploads\/2020\/12\/dsc_0262_foto-niklas-bonnemark_1140x500-768x337.jpg 768w\" sizes=\"(max-width: 1140px) 100vw, 1140px\" \/><figcaption class=\"wp-element-caption\">Skruvs s\u00e5nggrupp Sl\u00e1venka 28 maj 2016. Foto: Niklas B\u00f6nnemark.<\/figcaption><\/figure>\n\n\n\n<figure class=\"wp-block-embed is-type-video is-provider-youtube wp-block-embed-youtube wp-embed-aspect-16-9 wp-has-aspect-ratio\"><div class=\"wp-block-embed__wrapper\">\n<iframe title=\"\u0410\u043d\u0441\u0430\u043c\u0431\u043b\u044c \u00ab\u0421\u043b\u0430\u0432\u0435\u043d\u043a\u0430\u00bb \u2013 \u041e\u0439, \u043a\u0430\u043a \u0442\u044b \u043c\u043d\u0435 \u043d\u0440\u0430\u0432\u0438\u0448\u044c\u0441\u044f! (S\u00e5nggruppen Slavenka \u2013 Oj, kak ty mne nravisjsia!)\" width=\"720\" height=\"405\" src=\"https:\/\/www.youtube.com\/embed\/HDE3GzborQw?feature=oembed\" frameborder=\"0\" allow=\"accelerometer; autoplay; clipboard-write; encrypted-media; gyroscope; picture-in-picture; web-share\" allowfullscreen><\/iframe>\n<\/div><\/figure>\n\n\n\n<figure class=\"wp-block-embed is-type-video is-provider-youtube wp-block-embed-youtube wp-embed-aspect-16-9 wp-has-aspect-ratio\"><div class=\"wp-block-embed__wrapper\">\n<iframe title=\"\u0412\u043e\u043a\u0430\u043b\u044c\u043d\u044b\u0439 \u0430\u043d\u0441\u0430\u043c\u0431\u043b\u044c \u00ab\u0421\u043b\u0430\u0432\u0435\u043d\u043a\u0430\u00bb \u2013 \u0411\u0430\u0440\u044b\u043d\u044f \u0441\u0443\u0434\u0430\u0440\u044b\u043d\u044f (S\u00e5nggruppen Sl\u00e1venka \u2013 B\u00e1rynja sud\u00e1rynja)\" width=\"720\" height=\"405\" src=\"https:\/\/www.youtube.com\/embed\/PyQWS4nei1w?feature=oembed\" frameborder=\"0\" allow=\"accelerometer; autoplay; clipboard-write; encrypted-media; gyroscope; picture-in-picture; web-share\" allowfullscreen><\/iframe>\n<\/div><\/figure>\n\n\n\n<figure class=\"wp-block-embed is-type-video is-provider-youtube wp-block-embed-youtube wp-embed-aspect-16-9 wp-has-aspect-ratio\"><div class=\"wp-block-embed__wrapper\">\n<iframe title=\"\u0422\u0430\u043d\u0446\u0435\u0432\u0430\u043b\u044c\u043d\u0430\u044f \u0433\u0440\u0443\u043f\u043f\u0430 \u00ab\u0414\u0435\u0432\u0447\u0430\u0442\u0430\u00bb \u2013 \u0442\u0430\u043d\u0435\u0446 \u00ab\u0414\u0435\u0432\u0447\u0430\u0442\u0430\u00bb (dansgruppen Devtj\u00e1tja \u2013 dansen Devtj\u00e1ta)\" width=\"720\" height=\"405\" src=\"https:\/\/www.youtube.com\/embed\/5Hy4K3ybkxM?feature=oembed\" frameborder=\"0\" allow=\"accelerometer; autoplay; clipboard-write; encrypted-media; gyroscope; picture-in-picture; web-share\" allowfullscreen><\/iframe>\n<\/div><\/figure>\n","protected":false},"excerpt":{"rendered":"<p>S\u00e5nggruppen Sl\u00e1venka och dansgruppen Devtj\u00e1ta framtr\u00e4der p\u00e5 M\u00e5ngfaldsfestivalen.<\/p>\n","protected":false},"author":1,"featured_media":371765,"comment_status":"closed","ping_status":"open","sticky":false,"template":"","format":"standard","meta":{"_acf_changed":false,"_seopress_robots_primary_cat":"none","_seopress_titles_title":"","_seopress_titles_desc":"","_seopress_robots_index":"","_kad_post_transparent":"","_kad_post_title":"","_kad_post_layout":"","_kad_post_sidebar_id":"","_kad_post_content_style":"","_kad_post_vertical_padding":"","_kad_post_feature":"","_kad_post_feature_position":"","_kad_post_header":false,"_kad_post_footer":false,"_kad_post_classname":"","footnotes":""},"categories":[41,208,62],"tags":[222,177],"class_list":["post-371756","post","type-post","status-publish","format-standard","has-post-thumbnail","hentry","category-aktiviteter","category-dans","category-sang","tag-malmo","tag-tidigare"],"acf":[],"_links":{"self":[{"href":"https:\/\/skruv.nu\/uk\/wp-json\/wp\/v2\/posts\/371756","targetHints":{"allow":["GET"]}}],"collection":[{"href":"https:\/\/skruv.nu\/uk\/wp-json\/wp\/v2\/posts"}],"about":[{"href":"https:\/\/skruv.nu\/uk\/wp-json\/wp\/v2\/types\/post"}],"author":[{"embeddable":true,"href":"https:\/\/skruv.nu\/uk\/wp-json\/wp\/v2\/users\/1"}],"replies":[{"embeddable":true,"href":"https:\/\/skruv.nu\/uk\/wp-json\/wp\/v2\/comments?post=371756"}],"version-history":[{"count":0,"href":"https:\/\/skruv.nu\/uk\/wp-json\/wp\/v2\/posts\/371756\/revisions"}],"wp:featuredmedia":[{"embeddable":true,"href":"https:\/\/skruv.nu\/uk\/wp-json\/wp\/v2\/media\/371765"}],"wp:attachment":[{"href":"https:\/\/skruv.nu\/uk\/wp-json\/wp\/v2\/media?parent=371756"}],"wp:term":[{"taxonomy":"category","embeddable":true,"href":"https:\/\/skruv.nu\/uk\/wp-json\/wp\/v2\/categories?post=371756"},{"taxonomy":"post_tag","embeddable":true,"href":"https:\/\/skruv.nu\/uk\/wp-json\/wp\/v2\/tags?post=371756"}],"curies":[{"name":"wp","href":"https:\/\/api.w.org\/{rel}","templated":true}]}}