{"id":372574,"date":"2009-08-15T00:00:00","date_gmt":"2009-08-14T22:00:00","guid":{"rendered":"https:\/\/skruv.nu\/?p=372574"},"modified":"2022-06-28T07:52:49","modified_gmt":"2022-06-28T05:52:49","slug":"picknicksasongen-avslutas-i-malmo","status":"publish","type":"post","link":"https:\/\/skruv.nu\/uk\/aktiviteter\/picknicksasongen-avslutas-i-malmo\/","title":{"rendered":"Picknicks\u00e4songen avslutas i Malm\u00f6"},"content":{"rendered":"\n<p class=\"has-base-background-color has-background has-medium-font-size\">Kroksb\u00e4cksparken, Malm\u00f6 (se samlingsplats nedan)<br>L\u00f6rdag 15 augusti 2009 kl 14.10<\/p>\n\n\n\n<p>Ta med n\u00e5got att \u00e4ta och dricka efter eget \u00f6nskem\u00e5l samt n\u00e5got att sitta p\u00e5, s\u00e5 ses vi! H\u00e5ll utkik efter skylten med Skruvs logotyp!<\/p>\n\n\n\n<p>P\u00e5 allm\u00e4n beg\u00e4ran kommer vi denna g\u00e5ng att s\u00e4lja nygrillad korv och l\u00e4sk\/vatten.<\/p>\n\n\n\n<p>Picknicken \u00e4r gratis, \u00f6ppna f\u00f6r alla oavsett \u00e5lder och modersm\u00e5l. Ingen f\u00f6ranm\u00e4lan kr\u00e4vs. Picknicken \u00e4ger rum oavsett v\u00e4der.<\/p>\n\n\n\n<p>Samling mellan Kroksb\u00e4ckskullarna kl. 14.10 (parken ligger mellan Holma och Kroksb\u00e4cksskolan).<br>N\u00e4rmaste gatuadress: ca 150 m nordv\u00e4st om P\u00e5skliljegatan 41, ca 200 m \u00f6ster om Hylliev\u00e5ngsv\u00e4gen 5.<br>N\u00e4rmaste h\u00e5llplats: Malm\u00f6 Kroksb\u00e4ck.<br>Extra programpunkt: I Kroksb\u00e4cksparken spelar vi kubb.<\/p>\n\n\n\n<p>\u00d6vrigt: Fr\u00e5n Kroksb\u00e4ckskullarna har man en fantastisk utsikt \u00f6ver hela Malm\u00f6.<\/p>\n\n\n\n<p>Efter picknicken: Picknicken p\u00e5g\u00e5r \u00e5tminstone till 16.30, kanske 17.00. D\u00e4refter kan vi, om intresse finns, gemensamt \u00e5ka in till centrum och g\u00e5 p\u00e5 Malm\u00f6festivalen.<\/p>\n\n\n\n<p><em>Detta \u00e4r ett Skruvarrangemang.<br>Planering: Niklas B\u00f6nnemark.<br>\u00d6vers\u00e4ttning till ryska: Irina Makridova.<br>Layout och marknadsf\u00f6ring: Niklas B\u00f6nnemark.<\/em><\/p>\n","protected":false},"excerpt":{"rendered":"<p>L\u00f6rdagen den 15 augusti ordnas Skruvs sista picknick f\u00f6r s\u00e4songen, denna g\u00e5ng i Kroksb\u00e4cksparken i Malm\u00f6.<\/p>\n","protected":false},"author":1,"featured_media":373743,"comment_status":"closed","ping_status":"open","sticky":false,"template":"","format":"standard","meta":{"_acf_changed":false,"_seopress_robots_primary_cat":"none","_seopress_titles_title":"","_seopress_titles_desc":"","_seopress_robots_index":"","_kad_post_transparent":"","_kad_post_title":"","_kad_post_layout":"","_kad_post_sidebar_id":"","_kad_post_content_style":"","_kad_post_vertical_padding":"","_kad_post_feature":"","_kad_post_feature_position":"","_kad_post_header":false,"_kad_post_footer":false,"_kad_post_classname":"","footnotes":""},"categories":[41,160],"tags":[222,177],"class_list":["post-372574","post","type-post","status-publish","format-standard","has-post-thumbnail","hentry","category-aktiviteter","category-picknickar","tag-malmo","tag-tidigare"],"acf":[],"_links":{"self":[{"href":"https:\/\/skruv.nu\/uk\/wp-json\/wp\/v2\/posts\/372574","targetHints":{"allow":["GET"]}}],"collection":[{"href":"https:\/\/skruv.nu\/uk\/wp-json\/wp\/v2\/posts"}],"about":[{"href":"https:\/\/skruv.nu\/uk\/wp-json\/wp\/v2\/types\/post"}],"author":[{"embeddable":true,"href":"https:\/\/skruv.nu\/uk\/wp-json\/wp\/v2\/users\/1"}],"replies":[{"embeddable":true,"href":"https:\/\/skruv.nu\/uk\/wp-json\/wp\/v2\/comments?post=372574"}],"version-history":[{"count":0,"href":"https:\/\/skruv.nu\/uk\/wp-json\/wp\/v2\/posts\/372574\/revisions"}],"wp:featuredmedia":[{"embeddable":true,"href":"https:\/\/skruv.nu\/uk\/wp-json\/wp\/v2\/media\/373743"}],"wp:attachment":[{"href":"https:\/\/skruv.nu\/uk\/wp-json\/wp\/v2\/media?parent=372574"}],"wp:term":[{"taxonomy":"category","embeddable":true,"href":"https:\/\/skruv.nu\/uk\/wp-json\/wp\/v2\/categories?post=372574"},{"taxonomy":"post_tag","embeddable":true,"href":"https:\/\/skruv.nu\/uk\/wp-json\/wp\/v2\/tags?post=372574"}],"curies":[{"name":"wp","href":"https:\/\/api.w.org\/{rel}","templated":true}]}}