{"id":372580,"date":"2009-03-16T00:00:00","date_gmt":"2009-03-15T23:00:00","guid":{"rendered":"https:\/\/skruv.nu\/?p=372580"},"modified":"2021-02-07T16:57:00","modified_gmt":"2021-02-07T15:57:00","slug":"konstituerande-styrelsemote-i-malmo-4","status":"publish","type":"post","link":"https:\/\/skruv.nu\/uk\/aktiviteter\/konstituerande-styrelsemote-i-malmo-4\/","title":{"rendered":"Konstituerande styrelsem\u00f6te i Malm\u00f6"},"content":{"rendered":"\n<p>Styrelsens sammantr\u00e4den \u00e4r normalt bara \u00f6ppna f\u00f6r dess ledam\u00f6ter.<\/p>\n\n\n\n<div class=\"wp-block-group has-vit-color has-primar-background-color has-text-color has-background\"><div class=\"wp-block-group__inner-container is-layout-flow wp-block-group-is-layout-flow\">\n<p>Skruvs styrelse mars 2009\u2013mars 2010:<\/p>\n\n\n\n<ul class=\"wp-block-list\"><li>Sara Gradlander, ordf\u00f6rande<\/li><li>Niklas B\u00f6nnemark, vice ordf\u00f6rande<\/li><li>Nuria B\u00f6nnemark, kass\u00f6r<\/li><li>Ulf Pauli, sekreterare<\/li><li>Gunnel Arbin-Sj\u00f6berg<\/li><li>Lidia Elfstrand<\/li><li>Elisabeth Ellborn<\/li><li>Vitaly Kocherbitov<\/li><li>Mikael Tryman<\/li><\/ul>\n<\/div><\/div>\n","protected":false},"excerpt":{"rendered":"<p>Skruvs styrelse sammantr\u00e4der och konstituerar sig.<\/p>\n","protected":false},"author":1,"featured_media":366837,"comment_status":"closed","ping_status":"open","sticky":false,"template":"","format":"standard","meta":{"_acf_changed":false,"_seopress_robots_primary_cat":"none","_seopress_titles_title":"","_seopress_titles_desc":"","_seopress_robots_index":"","_kad_post_transparent":"","_kad_post_title":"","_kad_post_layout":"","_kad_post_sidebar_id":"","_kad_post_content_style":"","_kad_post_vertical_padding":"","_kad_post_feature":"","_kad_post_feature_position":"","_kad_post_header":false,"_kad_post_footer":false,"_kad_post_classname":"","footnotes":""},"categories":[41,166],"tags":[222,177],"class_list":["post-372580","post","type-post","status-publish","format-standard","has-post-thumbnail","hentry","category-aktiviteter","category-foreningsdemokrati","tag-malmo","tag-tidigare"],"acf":[],"_links":{"self":[{"href":"https:\/\/skruv.nu\/uk\/wp-json\/wp\/v2\/posts\/372580","targetHints":{"allow":["GET"]}}],"collection":[{"href":"https:\/\/skruv.nu\/uk\/wp-json\/wp\/v2\/posts"}],"about":[{"href":"https:\/\/skruv.nu\/uk\/wp-json\/wp\/v2\/types\/post"}],"author":[{"embeddable":true,"href":"https:\/\/skruv.nu\/uk\/wp-json\/wp\/v2\/users\/1"}],"replies":[{"embeddable":true,"href":"https:\/\/skruv.nu\/uk\/wp-json\/wp\/v2\/comments?post=372580"}],"version-history":[{"count":0,"href":"https:\/\/skruv.nu\/uk\/wp-json\/wp\/v2\/posts\/372580\/revisions"}],"wp:featuredmedia":[{"embeddable":true,"href":"https:\/\/skruv.nu\/uk\/wp-json\/wp\/v2\/media\/366837"}],"wp:attachment":[{"href":"https:\/\/skruv.nu\/uk\/wp-json\/wp\/v2\/media?parent=372580"}],"wp:term":[{"taxonomy":"category","embeddable":true,"href":"https:\/\/skruv.nu\/uk\/wp-json\/wp\/v2\/categories?post=372580"},{"taxonomy":"post_tag","embeddable":true,"href":"https:\/\/skruv.nu\/uk\/wp-json\/wp\/v2\/tags?post=372580"}],"curies":[{"name":"wp","href":"https:\/\/api.w.org\/{rel}","templated":true}]}}