{"id":424052,"date":"2022-01-29T13:50:00","date_gmt":"2022-01-29T12:50:00","guid":{"rendered":"https:\/\/skruv.nu\/?p=424052"},"modified":"2023-10-18T20:32:14","modified_gmt":"2023-10-18T18:32:14","slug":"utflykt-med-promenad-i-eslov","status":"publish","type":"post","link":"https:\/\/skruv.nu\/uk\/aktiviteter\/utflykt-med-promenad-i-eslov\/","title":{"rendered":"Utflykt med promenad i Esl\u00f6v"},"content":{"rendered":"\n<p class=\"has-background has-medium-font-size\" style=\"background-color:#f4f4f4\">Esl\u00f6vs station, Storgatan 13, Esl\u00f6v (se samlingsplats nedan)<br>L\u00f6rdag 29 januari 2022 kl 13.50\u2013ca 16.00<\/p>\n\n\n\n<h2 class=\"wp-block-heading\" id=\"samlingsplats\">Samlingsplats<\/h2>\n\n\n\n<p>Vi samlas framf\u00f6r huvuding\u00e5ngen till Esl\u00f6vs station, byggd 1914. D\u00e4rifr\u00e5n g\u00e5r vi genom centrum och f\u00f6rbi sev\u00e4rdheter som Medborgarhuset, Esl\u00f6vs kyrka, tingshuset, Trollsj\u00f6omr\u00e5det, Stora torg och stadsbiblioteket. De som har lust avslutar promenaden p\u00e5 n\u00e5got mysigt kaf\u00e9 i centrum.<\/p>\n\n\n\n<p>Tillsammans l\u00e4r vi oss en del om Esl\u00f6v n\u00e4r det g\u00e4ller arkitektur, dialekt och historia. Visste du att det finns ett Babels torn i Esl\u00f6v?<\/p>\n\n\n\n<h2 class=\"wp-block-heading\" id=\"sprak\">Spr\u00e5k<\/h2>\n\n\n\n<p>Promenaden leds p\u00e5 svenska och ryska.<\/p>\n\n\n\n<h2 class=\"wp-block-heading\" id=\"resa-dit\">Resa dit<\/h2>\n\n\n\n<p>I dessa pandemitider rekommenderar vi i f\u00f6rsta hand resa med egen bil, med cykel eller till fots.&nbsp;<strong>P-plats<\/strong>&nbsp;finns bland annat l\u00e4ngs Storgatan.<\/p>\n\n\n\n<p><strong>Fr\u00e5n Malm\u00f6 och Lund<\/strong>&nbsp;rekommenderar vi f\u00f6ljande f\u00f6rbindelse med Sk\u00e5netrafiken:<br>P\u00e5gat\u00e5g mot Helsingborg fr\u00e5n Malm\u00f6 C kl 13.22, fr\u00e5n Lund C 13.37, ankomst till Esl\u00f6vs station kl 13.47.<br>Tillbaka till Malm\u00f6 finns t\u00e5gf\u00f6rbindelser tre g\u00e5nger i timmen.<\/p>\n\n\n\n<h2 class=\"wp-block-heading\" id=\"slutligen-att-tanka-pa\">Slutligen \u2013 att t\u00e4nka p\u00e5<\/h2>\n\n\n\n<p>T\u00e4nk p\u00e5 att h\u00e5lla avst\u00e5nd, s\u00e4rskilt i kollektivtrafiken, och stanna hemma om du k\u00e4nner minsta symptom p\u00e5 sjukdom. P\u00e5 s\u00e5 vis minskar vi risken f\u00f6r smittspridning.<\/p>\n\n\n\n<p>V\u00e4lkommen till en eftermiddag tillsammans med gamla och nya bekanta!<\/p>\n\n\n\n<p><a rel=\"noreferrer noopener\" href=\"https:\/\/www.facebook.com\/events\/2814847452142149\/\" target=\"_blank\">Se \u00e4ven&nbsp;evenemangets Facebooksida.<\/a><\/p>\n\n\n\n<p class=\"has-theme-palette-9-color has-theme-palette-3-background-color has-text-color has-background\">I promenaden deltog totalt 13 personer.<\/p>\n","protected":false},"excerpt":{"rendered":"<p>Vi tr\u00e4ffas och promenerar i Esl\u00f6v, den mellansk\u00e5nska orten som i mitten av 1800-talet blev en j\u00e4rnv\u00e4gsknut l\u00e4ngs S\u00f6dra stambanan. Orten v\u00e4xer och f\u00f6rvandlas, senast i samband med ombyggnaden av Stora torg 2021.<\/p>\n","protected":false},"author":1,"featured_media":424958,"comment_status":"closed","ping_status":"open","sticky":false,"template":"","format":"standard","meta":{"_acf_changed":false,"_seopress_robots_primary_cat":"none","_seopress_titles_title":"","_seopress_titles_desc":"","_seopress_robots_index":"","_kad_post_transparent":"","_kad_post_title":"","_kad_post_layout":"","_kad_post_sidebar_id":"","_kad_post_content_style":"","_kad_post_vertical_padding":"","_kad_post_feature":"","_kad_post_feature_position":"","_kad_post_header":false,"_kad_post_footer":false,"_kad_post_classname":"","footnotes":""},"categories":[41,160],"tags":[228,177],"class_list":["post-424052","post","type-post","status-publish","format-standard","has-post-thumbnail","hentry","category-aktiviteter","category-picknickar","tag-oresund","tag-tidigare"],"acf":[],"_links":{"self":[{"href":"https:\/\/skruv.nu\/uk\/wp-json\/wp\/v2\/posts\/424052","targetHints":{"allow":["GET"]}}],"collection":[{"href":"https:\/\/skruv.nu\/uk\/wp-json\/wp\/v2\/posts"}],"about":[{"href":"https:\/\/skruv.nu\/uk\/wp-json\/wp\/v2\/types\/post"}],"author":[{"embeddable":true,"href":"https:\/\/skruv.nu\/uk\/wp-json\/wp\/v2\/users\/1"}],"replies":[{"embeddable":true,"href":"https:\/\/skruv.nu\/uk\/wp-json\/wp\/v2\/comments?post=424052"}],"version-history":[{"count":0,"href":"https:\/\/skruv.nu\/uk\/wp-json\/wp\/v2\/posts\/424052\/revisions"}],"wp:featuredmedia":[{"embeddable":true,"href":"https:\/\/skruv.nu\/uk\/wp-json\/wp\/v2\/media\/424958"}],"wp:attachment":[{"href":"https:\/\/skruv.nu\/uk\/wp-json\/wp\/v2\/media?parent=424052"}],"wp:term":[{"taxonomy":"category","embeddable":true,"href":"https:\/\/skruv.nu\/uk\/wp-json\/wp\/v2\/categories?post=424052"},{"taxonomy":"post_tag","embeddable":true,"href":"https:\/\/skruv.nu\/uk\/wp-json\/wp\/v2\/tags?post=424052"}],"curies":[{"name":"wp","href":"https:\/\/api.w.org\/{rel}","templated":true}]}}