{"id":426657,"date":"2022-05-06T17:45:00","date_gmt":"2022-05-06T15:45:00","guid":{"rendered":"https:\/\/skruv.nu\/?p=426657"},"modified":"2022-05-08T20:01:18","modified_gmt":"2022-05-08T18:01:18","slug":"skruv-deltar-i-malmo-stads-foreningsgala-6-maj-2022","status":"publish","type":"post","link":"https:\/\/skruv.nu\/uk\/aktiviteter\/skruv-deltar-i-malmo-stads-foreningsgala-6-maj-2022\/","title":{"rendered":"Skruv deltar i Malm\u00f6 stads f\u00f6reningsgala"},"content":{"rendered":"\n<p class=\"has-background has-medium-font-size\" style=\"background-color:#f4f4f4\">Restaurang 1910, Eleda Stadion, Eric Perssons v\u00e4g 31, Malm\u00f6<br>Fredag 6 maj 2022 kl 17.45\u201323.15<\/p>\n\n\n\n<p>Fritidsf\u00f6rvaltningens husband st\u00e5r f\u00f6r underh\u00e5llningen tillsammans med en hemlig artist. \u00c5rets konferencier \u00e4r musikern och radioprataren Per-Ola Sandberg.<\/p>\n\n\n\n<h2 class=\"wp-block-heading\">Program<\/h2>\n\n\n\n<p>D\u00f6rrarna \u00f6ppnar kl 17.45<br>Till bords kl 18.30<br>Kv\u00e4llen avslutas med dans ungef\u00e4r 22.30\u201323.15<\/p>\n\n\n\n<h2 class=\"wp-block-heading\">Kl\u00e4dsel<\/h2>\n\n\n\n<p>V\u00e5rfin.<\/p>\n\n\n\n<h2 class=\"wp-block-heading\">Avgift<\/h2>\n\n\n\n<p>Avgiften \u00e4r 300 kr. Den inkluderar tv\u00e5r\u00e4tters middag, kaffe, kaka och alkoholfri dryck.<\/p>\n\n\n\n<p>Ledarna p\u00e5 barnverksamheten, styrelsen och vissa andra som utf\u00f6r uppdrag f\u00f6r f\u00f6reningen har specialpris.<\/p>\n\n\n\n<h2 class=\"wp-block-heading\">Mat och dryck<\/h2>\n\n\n\n<p>All mat \u00e4r laktos- &amp; glutenfri. I samband med anm\u00e4lan v\u00e4ljer du meny 1 eller 2. Valet av meny f\u00f6ljer med om du \u00f6verl\u00e5ter biljetten till n\u00e5gon annan medlem.<\/p>\n\n\n\n<div class=\"wp-block-columns is-layout-flex wp-container-core-columns-is-layout-9d6595d7 wp-block-columns-is-layout-flex\">\n<div class=\"wp-block-column is-layout-flow wp-block-column-is-layout-flow\">\n<div class=\"wp-block-group has-base-2-background-color has-background is-layout-flow wp-block-group-is-layout-flow\">\n<h3 class=\"has-text-align-center wp-block-heading\">Meny 1 (vegetarisk)<\/h3>\n\n\n\n<p class=\"has-text-align-center\">\u00c4ppelinkokt vit sparris, syrad gr\u00e4dde, dillolja och br\u00f6dflarn<\/p>\n\n\n\n<p class=\"has-text-align-center\">Tempeh med duchessepotatis, \u00f6rtkr\u00e4m, sparriscrudit\u00e9 och hyvlat \u00e4pple<\/p>\n\n\n\n<p class=\"has-text-align-center\">Apelsinblondiekaka med frosting och f\u00e4rska b\u00e4r.<\/p>\n<\/div>\n<\/div>\n\n\n\n<div class=\"wp-block-column is-layout-flow wp-block-column-is-layout-flow\">\n<div class=\"wp-block-group has-base-2-background-color has-background is-layout-flow wp-block-group-is-layout-flow\">\n<h3 class=\"has-text-align-center wp-block-heading\">Meny 2<\/h3>\n\n\n\n<p class=\"has-text-align-center\">Sockersaltad lax med syrad gr\u00e4dde, \u00e4ppelgel\u00e9, dillolja och br\u00f6dflarn<\/p>\n\n\n\n<p class=\"has-text-align-center\">Sk\u00e5nskt tuppbr\u00f6st med duchessepotatis, r\u00f6dvinssky, sparriscrudit\u00e9 och hyvlat \u00e4pple<\/p>\n\n\n\n<p class=\"has-text-align-center\">Apelsinblondiekaka med frosting och f\u00e4rska b\u00e4r.<\/p>\n<\/div>\n<\/div>\n<\/div>\n\n\n\n<p>Alkoholfri dryck ing\u00e5r. \u00d6l och vin finns till f\u00f6rs\u00e4ljning vid bordet och i baren.<\/p>\n\n\n\n<h2 class=\"wp-block-heading\">Mer information<\/h2>\n\n\n\n<p>Se <a href=\"https:\/\/malmo.se\/foreningsgalan\" target=\"_blank\" rel=\"noreferrer noopener\">https:\/\/malmo.se\/foreningsgalan<\/a> f\u00f6r mer information.<\/p>\n\n\n\n<h2 class=\"wp-block-heading\">Anm\u00e4lan<\/h2>\n\n\n\n<p>Skruvs medlemmar anm\u00e4ler sig <strong>senast 15&nbsp;april<\/strong> via anm\u00e4lningsformul\u00e4ret, som du kommer till n\u00e4r du klickar p\u00e5 knappen nedan.<\/p>\n\n\n\n<p>Efter 15&nbsp;april \u00e4r anm\u00e4lan bindande men inte personlig. Vid f\u00f6rhinder efter 15 april kan du utan kostnad anm\u00e4la n\u00e5gon annan medlem i ditt st\u00e4lle.<\/p>\n\n\n\n<div class=\"wp-block-buttons is-layout-flex wp-block-buttons-is-layout-flex\">\n<div class=\"wp-block-button aligncenter\"><a class=\"wp-block-button__link has-contrast-color has-text-color has-background\" href=\"https:\/\/docs.google.com\/forms\/d\/e\/1FAIpQLSfvjhxbgrUb1vLM-691J7Mrr5tHTj-SAGPkAKJ91pnSQvsbYA\/viewform?usp=sf_link\" style=\"border-radius:2px;background-color:#fecc15\" target=\"_blank\" rel=\"noreferrer noopener\"><strong>ANM\u00c4LAN<\/strong><\/a><\/div>\n<\/div>\n","protected":false},"excerpt":{"rendered":"<p>Malm\u00f6 stads fritidsn\u00e4mnd bjuder in alla kommunens f\u00f6reningar till F\u00f6reningsgalan 2022. P\u00e5 galan hyllas eldsj\u00e4lar och f\u00f6reningar i Malm\u00f6. En f\u00e4rgsprakande kv\u00e4ll med mingel, mat, underh\u00e5llning, prisutdelning och dans.<\/p>\n","protected":false},"author":1,"featured_media":428199,"comment_status":"closed","ping_status":"open","sticky":false,"template":"","format":"standard","meta":{"_acf_changed":false,"_seopress_robots_primary_cat":"none","_seopress_titles_title":"","_seopress_titles_desc":"","_seopress_robots_index":"","_kad_post_transparent":"","_kad_post_title":"","_kad_post_layout":"","_kad_post_sidebar_id":"","_kad_post_content_style":"","_kad_post_vertical_padding":"","_kad_post_feature":"","_kad_post_feature_position":"","_kad_post_header":false,"_kad_post_footer":false,"_kad_post_classname":"","footnotes":""},"categories":[41,166],"tags":[222,177],"class_list":["post-426657","post","type-post","status-publish","format-standard","has-post-thumbnail","hentry","category-aktiviteter","category-foreningsdemokrati","tag-malmo","tag-tidigare"],"acf":[],"_links":{"self":[{"href":"https:\/\/skruv.nu\/uk\/wp-json\/wp\/v2\/posts\/426657","targetHints":{"allow":["GET"]}}],"collection":[{"href":"https:\/\/skruv.nu\/uk\/wp-json\/wp\/v2\/posts"}],"about":[{"href":"https:\/\/skruv.nu\/uk\/wp-json\/wp\/v2\/types\/post"}],"author":[{"embeddable":true,"href":"https:\/\/skruv.nu\/uk\/wp-json\/wp\/v2\/users\/1"}],"replies":[{"embeddable":true,"href":"https:\/\/skruv.nu\/uk\/wp-json\/wp\/v2\/comments?post=426657"}],"version-history":[{"count":0,"href":"https:\/\/skruv.nu\/uk\/wp-json\/wp\/v2\/posts\/426657\/revisions"}],"wp:featuredmedia":[{"embeddable":true,"href":"https:\/\/skruv.nu\/uk\/wp-json\/wp\/v2\/media\/428199"}],"wp:attachment":[{"href":"https:\/\/skruv.nu\/uk\/wp-json\/wp\/v2\/media?parent=426657"}],"wp:term":[{"taxonomy":"category","embeddable":true,"href":"https:\/\/skruv.nu\/uk\/wp-json\/wp\/v2\/categories?post=426657"},{"taxonomy":"post_tag","embeddable":true,"href":"https:\/\/skruv.nu\/uk\/wp-json\/wp\/v2\/tags?post=426657"}],"curies":[{"name":"wp","href":"https:\/\/api.w.org\/{rel}","templated":true}]}}