{"id":430234,"date":"2022-11-22T19:35:33","date_gmt":"2022-11-22T18:35:33","guid":{"rendered":"https:\/\/skruv.nu\/?p=430234"},"modified":"2022-11-22T19:51:23","modified_gmt":"2022-11-22T18:51:23","slug":"skruv-deltar-i-ordforandekonferens-i-malmo","status":"publish","type":"post","link":"https:\/\/skruv.nu\/uk\/aktiviteter\/skruv-deltar-i-ordforandekonferens-i-malmo\/","title":{"rendered":"Skruv deltar i ordf\u00f6randekonferens i Malm\u00f6"},"content":{"rendered":"\n<p class=\"has-base-background-color has-background has-medium-font-size\">Malm\u00f6 Live Konserthus, Dag Hammarskj\u00f6lds torg 4, Malm\u00f6<br>Tisdag 22 november 2022 kl 17.00\u201320.00<\/p>\n\n\n\n<p>I \u00e5r handlar det om hur vi arbetar b\u00e4st tillsammans f\u00f6r ett tryggare och s\u00e4krare Malm\u00f6. Vi f\u00e5r lyssna p\u00e5 bland annat Malm\u00f6s polisomr\u00e5deschef Petra Stenkula, som ber\u00e4ttar om polisens arbete f\u00f6r ett tryggare Malm\u00f6.<\/p>\n","protected":false},"excerpt":{"rendered":"<p>Malm\u00f6 stads fritidsf\u00f6rvaltning ordnar en ordf\u00f6randekonferens. Syftet med konferensen \u00e4r att samtala med varandra och diskutera samverkansl\u00f6sningar.<\/p>\n","protected":false},"author":1,"featured_media":430237,"comment_status":"closed","ping_status":"open","sticky":false,"template":"","format":"standard","meta":{"_acf_changed":false,"_seopress_robots_primary_cat":"none","_seopress_titles_title":"","_seopress_titles_desc":"","_seopress_robots_index":"","_kad_post_transparent":"","_kad_post_title":"","_kad_post_layout":"","_kad_post_sidebar_id":"","_kad_post_content_style":"","_kad_post_vertical_padding":"","_kad_post_feature":"","_kad_post_feature_position":"","_kad_post_header":false,"_kad_post_footer":false,"_kad_post_classname":"","footnotes":""},"categories":[41,166],"tags":[222,177],"class_list":["post-430234","post","type-post","status-publish","format-standard","has-post-thumbnail","hentry","category-aktiviteter","category-foreningsdemokrati","tag-malmo","tag-tidigare"],"acf":[],"_links":{"self":[{"href":"https:\/\/skruv.nu\/uk\/wp-json\/wp\/v2\/posts\/430234","targetHints":{"allow":["GET"]}}],"collection":[{"href":"https:\/\/skruv.nu\/uk\/wp-json\/wp\/v2\/posts"}],"about":[{"href":"https:\/\/skruv.nu\/uk\/wp-json\/wp\/v2\/types\/post"}],"author":[{"embeddable":true,"href":"https:\/\/skruv.nu\/uk\/wp-json\/wp\/v2\/users\/1"}],"replies":[{"embeddable":true,"href":"https:\/\/skruv.nu\/uk\/wp-json\/wp\/v2\/comments?post=430234"}],"version-history":[{"count":0,"href":"https:\/\/skruv.nu\/uk\/wp-json\/wp\/v2\/posts\/430234\/revisions"}],"wp:featuredmedia":[{"embeddable":true,"href":"https:\/\/skruv.nu\/uk\/wp-json\/wp\/v2\/media\/430237"}],"wp:attachment":[{"href":"https:\/\/skruv.nu\/uk\/wp-json\/wp\/v2\/media?parent=430234"}],"wp:term":[{"taxonomy":"category","embeddable":true,"href":"https:\/\/skruv.nu\/uk\/wp-json\/wp\/v2\/categories?post=430234"},{"taxonomy":"post_tag","embeddable":true,"href":"https:\/\/skruv.nu\/uk\/wp-json\/wp\/v2\/tags?post=430234"}],"curies":[{"name":"wp","href":"https:\/\/api.w.org\/{rel}","templated":true}]}}